{"id":9925,"date":"2024-09-18T08:30:00","date_gmt":"2024-09-18T06:30:00","guid":{"rendered":"https:\/\/www.asso-torcol.fr\/?p=9925"},"modified":"2024-09-18T08:29:41","modified_gmt":"2024-09-18T06:29:41","slug":"fete-des-herisson","status":"publish","type":"post","link":"https:\/\/www.asso-torcol.fr\/index.php\/2024\/09\/18\/fete-des-herisson\/","title":{"rendered":"F\u00eate des h\u00e9risson"},"content":{"rendered":"\n<p>\ud83e\udd94\ud83c\udf89&nbsp;Rejoignez nous le 28 septembre pour une animation sp\u00e9ciale sur le h\u00e9risson !&nbsp;\ud83c\udf89\ud83e\udd94<\/p>\n\n\n\n<p>\ud83d\udcc5&nbsp;Date : 28 septembre<br>\ud83d\udd52&nbsp;Horaire : D\u00e9but de l&rsquo;animation \u00e0 9h<br>\ud83d\udccd&nbsp;Lieu : Les Bergivaux, verger de l&rsquo;association \u00e0 Ancy-sur-Moselle (acc\u00e8s par la fourche droite de la rue du Moulin Haut)<\/p>\n\n\n\n<p>\ud83d\udc49&nbsp;D\u00e9couvrez cette petite b\u00eate \u00e0 travers des images, vid\u00e9os, quizz interactifs, et participez \u00e0 des ateliers manuels avec les tr\u00e9sors du verger. Flyers, affiches et jeu de l&rsquo;oie th\u00e9matique seront aussi au rendez-vous pour apprendre tout en s&rsquo;amusant !<\/p>\n\n\n\n<p>\ud83d\udce7&nbsp;Inscription :&nbsp;<a href=\"mailto:responsable.projets@asso-torcol.fr\">responsable.projets@asso-torcol.fr<\/a><\/p>\n\n\n\n<figure class=\"wp-block-gallery has-nested-images columns-default is-cropped wp-block-gallery-1 is-layout-flex wp-block-gallery-is-layout-flex\">\n<figure class=\"wp-block-image size-large\"><img loading=\"lazy\" decoding=\"async\" width=\"2480\" height=\"2390\" data-id=\"9926\" src=\"https:\/\/www.asso-torcol.fr\/wp-content\/uploads\/2024\/09\/post-RS-herisson-Torcol-1-1.png\" alt=\"\" class=\"wp-image-9926\" srcset=\"https:\/\/www.asso-torcol.fr\/wp-content\/uploads\/2024\/09\/post-RS-herisson-Torcol-1-1.png 2480w, https:\/\/www.asso-torcol.fr\/wp-content\/uploads\/2024\/09\/post-RS-herisson-Torcol-1-1-768x740.png 768w, https:\/\/www.asso-torcol.fr\/wp-content\/uploads\/2024\/09\/post-RS-herisson-Torcol-1-1-1536x1480.png 1536w, https:\/\/www.asso-torcol.fr\/wp-content\/uploads\/2024\/09\/post-RS-herisson-Torcol-1-1-2048x1974.png 2048w\" sizes=\"auto, (max-width: 2480px) 100vw, 2480px\" \/><\/figure>\n<\/figure>\n","protected":false},"excerpt":{"rendered":"<p>\ud83e\udd94\ud83c\udf89&nbsp;Rejoignez nous le 28 septembre pour une animation sp\u00e9ciale sur le h\u00e9risson !&nbsp;\ud83c\udf89\ud83e\udd94 \ud83d\udcc5&nbsp;Date : 28 septembre\ud83d\udd52&nbsp;Horaire : D\u00e9but de l&rsquo;animation \u00e0 9h\ud83d\udccd&nbsp;Lieu : Les Bergivaux, verger de l&rsquo;association \u00e0 Ancy-sur-Moselle (acc\u00e8s par la&#46;&#46;&#46;<\/p>\n","protected":false},"author":1,"featured_media":9927,"comment_status":"closed","ping_status":"closed","sticky":false,"template":"","format":"standard","meta":{"footnotes":""},"categories":[10,15,23],"tags":[],"class_list":["post-9925","post","type-post","status-publish","format-standard","has-post-thumbnail","hentry","category-a-la-une","category-stands","category-protection"],"_links":{"self":[{"href":"https:\/\/www.asso-torcol.fr\/index.php\/wp-json\/wp\/v2\/posts\/9925","targetHints":{"allow":["GET"]}}],"collection":[{"href":"https:\/\/www.asso-torcol.fr\/index.php\/wp-json\/wp\/v2\/posts"}],"about":[{"href":"https:\/\/www.asso-torcol.fr\/index.php\/wp-json\/wp\/v2\/types\/post"}],"author":[{"embeddable":true,"href":"https:\/\/www.asso-torcol.fr\/index.php\/wp-json\/wp\/v2\/users\/1"}],"replies":[{"embeddable":true,"href":"https:\/\/www.asso-torcol.fr\/index.php\/wp-json\/wp\/v2\/comments?post=9925"}],"version-history":[{"count":2,"href":"https:\/\/www.asso-torcol.fr\/index.php\/wp-json\/wp\/v2\/posts\/9925\/revisions"}],"predecessor-version":[{"id":9944,"href":"https:\/\/www.asso-torcol.fr\/index.php\/wp-json\/wp\/v2\/posts\/9925\/revisions\/9944"}],"wp:featuredmedia":[{"embeddable":true,"href":"https:\/\/www.asso-torcol.fr\/index.php\/wp-json\/wp\/v2\/media\/9927"}],"wp:attachment":[{"href":"https:\/\/www.asso-torcol.fr\/index.php\/wp-json\/wp\/v2\/media?parent=9925"}],"wp:term":[{"taxonomy":"category","embeddable":true,"href":"https:\/\/www.asso-torcol.fr\/index.php\/wp-json\/wp\/v2\/categories?post=9925"},{"taxonomy":"post_tag","embeddable":true,"href":"https:\/\/www.asso-torcol.fr\/index.php\/wp-json\/wp\/v2\/tags?post=9925"}],"curies":[{"name":"wp","href":"https:\/\/api.w.org\/{rel}","templated":true}]}}