{"id":7911,"date":"2022-12-14T09:17:55","date_gmt":"2022-12-14T08:17:55","guid":{"rendered":"https:\/\/www.asso-torcol.fr\/?p=7911"},"modified":"2024-06-23T09:34:39","modified_gmt":"2024-06-23T07:34:39","slug":"les-arbres-du-ban-saint-martin","status":"publish","type":"post","link":"https:\/\/www.asso-torcol.fr\/index.php\/2022\/12\/14\/les-arbres-du-ban-saint-martin\/","title":{"rendered":"LES ARBRES DU BAN SAINT MARTIN"},"content":{"rendered":"\n<h1 class=\"wp-block-heading has-text-color\" style=\"color:#162185\">2022<\/h1>\n\n\n\n<p class=\"has-text-color\" style=\"color:#162185\"><strong>Un projet de construction de logements dans le parc Jung&nbsp;&nbsp;(rue des B\u00e9n\u00e9dictins)<\/strong><\/p>\n\n\n\n<p class=\"has-text-color\" style=\"color:#162185\"><strong>Ce projet requ\u00e9rant l\u2019abattage&nbsp; d\u2019une grande partie des arbres dont plusieurs sont centenaires, oppose riverains&nbsp; et administr\u00e9s au Maire de leur commune.<\/strong><\/p>\n\n\n\n<p class=\"has-text-color\" style=\"color:#162185\"><strong>Selon eux, \u00e0 l\u2019heure du r\u00e9chauffement climatique, dont on ne cesse de s\u2019alarmer, la disparition de cet \u00e9cosyst\u00e8me serait pr\u00e9judiciable \u00e0 la sant\u00e9 de tous car ce parc est le poumon vert et oxyg\u00e9nant du Ban Saint Martin<\/strong><\/p>\n\n\n\n<p class=\"has-text-color\" style=\"color:#162185\"><strong>L\u2019article du RL ci-dessous, dans lequel Monsieur le Maire se dit lucide et conscient du bien fond\u00e9 de pr\u00e9server notre environnement, nous interpelle :<\/strong><\/p>\n\n\n\n<h2 class=\"wp-block-heading has-text-color\" style=\"color:#162185\"><strong>RL du 17 ao\u00fbt 2021<\/strong><\/h2>\n\n\n\n<p class=\"has-text-color\" style=\"color:#162185\"><strong>Henri Hasser est un maire lucide en ce qui concerne&nbsp;<a href=\"https:\/\/www.republicain-lorrain.fr\/science-et-technologie\/2021\/08\/13\/le-rapport-du-giec-sur-le-climat-valide-les-previsions-d-un-prospectiviste-messin\">le r\u00e9chauffement climatique<\/a>. Il ne veut pas de l\u2019\u00e9cologie punitive mais constructive et lance des id\u00e9es qui devraient faire mouche aupr\u00e8s de la population.<\/strong><\/p>\n\n\n\n<p class=\"has-text-color\" style=\"color:#162185\"><strong>On parle r\u00e9guli\u00e8rement des d\u00e9cisions \u00e0 prendre en mati\u00e8re d\u2019adaptation aux enjeux climatiques.&nbsp;Le dernier rapport du GIEC (Groupe d\u2018experts intergouvernemental sur l\u2019\u00e9volution du climat) est plus qu\u2019alarmant. Henri Hasser a plein d\u2019id\u00e9es pour reverdir sa commune m\u00eame si en ce moment beaucoup de chantiers de construction sont en cours de r\u00e9alisation&nbsp;: \u00ab&nbsp;Je suis conscient, depuis tr\u00e8s longtemps, que nous devons cesser de saccager nos espaces et de d\u00e9truire nos ressources naturelles. Je peux v\u00e9rifier dans mon quotidien&nbsp; certaines d\u00e9gradations de notre environnement, y compris de nos paysages. Pour autant, je refuse l\u2019\u00e9cologie punitive qui constitue le fonds de commerce de nombreux responsables publics. J\u2019entends mettre \u00e0 disposition de mes concitoyens des ateliers de r\u00e9flexion et d\u2019apprentissage sur les bonnes pratiques d\u2019am\u00e9nagement de nos espaces, publics et priv\u00e9s, afin d\u2019engager la mutation progressive et indispensable de nos lieux de vie.&nbsp;\u00bb<\/strong><\/p>\n\n\n\n<p class=\"has-text-color\" style=\"color:#162185\"><strong>L\u2019association Torcol soutient les habitants et vous invite \u00e0 les rejoindre dans leur combat<\/strong><\/p>\n\n\n\n<figure class=\"wp-block-gallery has-nested-images columns-2 is-cropped wp-block-gallery-1 is-layout-flex wp-block-gallery-is-layout-flex\">\n<figure class=\"wp-block-image size-large\"><img loading=\"lazy\" decoding=\"async\" width=\"1000\" height=\"748\" data-id=\"8164\" src=\"https:\/\/www.asso-torcol.fr\/wp-content\/uploads\/2023\/01\/img_1004.jpg\" alt=\"\" class=\"wp-image-8164\" srcset=\"https:\/\/www.asso-torcol.fr\/wp-content\/uploads\/2023\/01\/img_1004.jpg 1000w, https:\/\/www.asso-torcol.fr\/wp-content\/uploads\/2023\/01\/img_1004-768x574.jpg 768w\" sizes=\"auto, (max-width: 1000px) 100vw, 1000px\" \/><\/figure>\n\n\n\n<figure class=\"wp-block-image size-large\"><img loading=\"lazy\" decoding=\"async\" width=\"843\" height=\"750\" data-id=\"8165\" src=\"https:\/\/www.asso-torcol.fr\/wp-content\/uploads\/2023\/01\/img_1009.jpg\" alt=\"\" class=\"wp-image-8165\" srcset=\"https:\/\/www.asso-torcol.fr\/wp-content\/uploads\/2023\/01\/img_1009.jpg 843w, https:\/\/www.asso-torcol.fr\/wp-content\/uploads\/2023\/01\/img_1009-768x683.jpg 768w\" sizes=\"auto, (max-width: 843px) 100vw, 843px\" \/><\/figure>\n\n\n\n<figure class=\"wp-block-image size-large\"><img loading=\"lazy\" decoding=\"async\" width=\"1000\" height=\"748\" data-id=\"8166\" src=\"https:\/\/www.asso-torcol.fr\/wp-content\/uploads\/2023\/01\/img_1010.jpg\" alt=\"\" class=\"wp-image-8166\" srcset=\"https:\/\/www.asso-torcol.fr\/wp-content\/uploads\/2023\/01\/img_1010.jpg 1000w, https:\/\/www.asso-torcol.fr\/wp-content\/uploads\/2023\/01\/img_1010-768x574.jpg 768w\" sizes=\"auto, (max-width: 1000px) 100vw, 1000px\" \/><\/figure>\n\n\n\n<figure class=\"wp-block-image size-large\"><img loading=\"lazy\" decoding=\"async\" width=\"1000\" height=\"750\" data-id=\"8167\" src=\"https:\/\/www.asso-torcol.fr\/wp-content\/uploads\/2023\/01\/title-1670849717.jpg\" alt=\"\" class=\"wp-image-8167\" srcset=\"https:\/\/www.asso-torcol.fr\/wp-content\/uploads\/2023\/01\/title-1670849717.jpg 1000w, https:\/\/www.asso-torcol.fr\/wp-content\/uploads\/2023\/01\/title-1670849717-768x576.jpg 768w\" sizes=\"auto, (max-width: 1000px) 100vw, 1000px\" \/><\/figure>\n<\/figure>\n\n\n\n<p class=\"has-text-color\" style=\"color:#162185\"><strong>Par ailleurs, vous pouvez lui transmettre toute information, photos et commentaires&nbsp; concernant ce dossier sur sa boite mail<\/strong><\/p>\n\n\n\n<p><a href=\"secretariat@asso-torcol.fr\">secretariat@asso-torcol.fr<\/a><\/p>\n\n\n\n<p class=\"has-text-color\" style=\"color:#162185\"><strong>Le \u201cGroupe Foret\u201d<\/strong><\/p>\n\n\n\n<div class=\"wp-block-buttons is-content-justification-center is-layout-flex wp-container-core-buttons-is-layout-16018d1d wp-block-buttons-is-layout-flex\">\n<div class=\"wp-block-button\"><a class=\"wp-block-button__link has-very-dark-gray-color has-text-color has-background wp-element-button\" href=\"http:\/\/chng.it\/SCmfmkR6gs\" style=\"border-radius:18px;background:radial-gradient(rgb(202,248,128) 44%,rgb(113,206,126) 100%)\">P\u00e9tition en ligne<\/a><\/div>\n<\/div>\n\n\n\n<p><br><br><br><br><br><\/p>\n","protected":false},"excerpt":{"rendered":"<p>2022 Un projet de construction de logements dans le parc Jung&nbsp;&nbsp;(rue des B\u00e9n\u00e9dictins) Ce projet requ\u00e9rant l\u2019abattage&nbsp; d\u2019une grande partie des arbres dont plusieurs sont centenaires, oppose riverains&nbsp; et administr\u00e9s au Maire de leur&#46;&#46;&#46;<\/p>\n","protected":false},"author":1,"featured_media":8165,"comment_status":"closed","ping_status":"closed","sticky":false,"template":"","format":"standard","meta":{"footnotes":""},"categories":[45,86],"tags":[],"class_list":["post-7911","post","type-post","status-publish","format-standard","has-post-thumbnail","hentry","category-protection-2","category-protection-3"],"_links":{"self":[{"href":"https:\/\/www.asso-torcol.fr\/index.php\/wp-json\/wp\/v2\/posts\/7911","targetHints":{"allow":["GET"]}}],"collection":[{"href":"https:\/\/www.asso-torcol.fr\/index.php\/wp-json\/wp\/v2\/posts"}],"about":[{"href":"https:\/\/www.asso-torcol.fr\/index.php\/wp-json\/wp\/v2\/types\/post"}],"author":[{"embeddable":true,"href":"https:\/\/www.asso-torcol.fr\/index.php\/wp-json\/wp\/v2\/users\/1"}],"replies":[{"embeddable":true,"href":"https:\/\/www.asso-torcol.fr\/index.php\/wp-json\/wp\/v2\/comments?post=7911"}],"version-history":[{"count":10,"href":"https:\/\/www.asso-torcol.fr\/index.php\/wp-json\/wp\/v2\/posts\/7911\/revisions"}],"predecessor-version":[{"id":9795,"href":"https:\/\/www.asso-torcol.fr\/index.php\/wp-json\/wp\/v2\/posts\/7911\/revisions\/9795"}],"wp:featuredmedia":[{"embeddable":true,"href":"https:\/\/www.asso-torcol.fr\/index.php\/wp-json\/wp\/v2\/media\/8165"}],"wp:attachment":[{"href":"https:\/\/www.asso-torcol.fr\/index.php\/wp-json\/wp\/v2\/media?parent=7911"}],"wp:term":[{"taxonomy":"category","embeddable":true,"href":"https:\/\/www.asso-torcol.fr\/index.php\/wp-json\/wp\/v2\/categories?post=7911"},{"taxonomy":"post_tag","embeddable":true,"href":"https:\/\/www.asso-torcol.fr\/index.php\/wp-json\/wp\/v2\/tags?post=7911"}],"curies":[{"name":"wp","href":"https:\/\/api.w.org\/{rel}","templated":true}]}}