{"id":7731,"date":"2022-11-09T16:42:55","date_gmt":"2022-11-09T15:42:55","guid":{"rendered":"https:\/\/www.asso-torcol.fr\/?p=7731"},"modified":"2023-03-07T09:07:44","modified_gmt":"2023-03-07T08:07:44","slug":"autour-de-la-mare","status":"publish","type":"post","link":"https:\/\/www.asso-torcol.fr\/index.php\/2022\/11\/09\/autour-de-la-mare\/","title":{"rendered":"Autour de la mare"},"content":{"rendered":"\n<h2 class=\"has-text-color wp-block-heading\" style=\"color:#222fa3\"><strong>INVENTAIRES<\/strong><\/h2>\n\n\n\n<h3 class=\"has-text-color wp-block-heading\" style=\"color:#222fa3\"><strong>Dans un premier temps, nous allons nous attarder sur l\u2019animation du 1er octobre, soit sur la mare des Bergivaux. <\/strong><\/h3>\n\n\n\n<figure class=\"wp-block-image alignwide size-large\"><img loading=\"lazy\" decoding=\"async\" width=\"1000\" height=\"541\" src=\"https:\/\/www.asso-torcol.fr\/wp-content\/uploads\/2022\/11\/Capture-d\u2019\u00e9cran-2022-11-09-171952.jpg\" alt=\"\" class=\"wp-image-7740\" srcset=\"https:\/\/www.asso-torcol.fr\/wp-content\/uploads\/2022\/11\/Capture-d\u2019\u00e9cran-2022-11-09-171952.jpg 1000w, https:\/\/www.asso-torcol.fr\/wp-content\/uploads\/2022\/11\/Capture-d\u2019\u00e9cran-2022-11-09-171952-768x415.jpg 768w\" sizes=\"auto, (max-width: 1000px) 100vw, 1000px\" \/><\/figure>\n\n\n\n<p class=\"has-text-color\" style=\"color:#222fa3\"><strong>Nous pr\u00e9senterons d\u2019abord les esp\u00e8ces<br>rencontr\u00e9es et ensuite la potentielle histoire qu\u2019on peut tisser avec la pr\u00e9sence<br>et l\u2019abondance des esp\u00e8ces.<\/strong><\/p>\n\n\n\n<figure class=\"wp-block-gallery alignwide has-nested-images columns-default is-cropped wp-block-gallery-1 is-layout-flex wp-block-gallery-is-layout-flex\">\n<figure class=\"wp-block-image size-large\"><img loading=\"lazy\" decoding=\"async\" width=\"1000\" height=\"1334\" data-id=\"7758\" src=\"https:\/\/www.asso-torcol.fr\/wp-content\/uploads\/2022\/11\/IMG_20221001_150122.jpg\" alt=\"\" class=\"wp-image-7758\" srcset=\"https:\/\/www.asso-torcol.fr\/wp-content\/uploads\/2022\/11\/IMG_20221001_150122.jpg 1000w, https:\/\/www.asso-torcol.fr\/wp-content\/uploads\/2022\/11\/IMG_20221001_150122-768x1025.jpg 768w\" sizes=\"auto, (max-width: 1000px) 100vw, 1000px\" \/><\/figure>\n\n\n\n<figure class=\"wp-block-image size-large\"><img loading=\"lazy\" decoding=\"async\" width=\"1000\" height=\"1334\" data-id=\"7770\" src=\"https:\/\/www.asso-torcol.fr\/wp-content\/uploads\/2022\/11\/IMG_20221002_145854.jpg\" alt=\"\" class=\"wp-image-7770\" srcset=\"https:\/\/www.asso-torcol.fr\/wp-content\/uploads\/2022\/11\/IMG_20221002_145854.jpg 1000w, https:\/\/www.asso-torcol.fr\/wp-content\/uploads\/2022\/11\/IMG_20221002_145854-768x1025.jpg 768w\" sizes=\"auto, (max-width: 1000px) 100vw, 1000px\" \/><\/figure>\n<\/figure>\n\n\n\n<h4 class=\"has-text-color wp-block-heading\" style=\"color:#222fa3\"><strong>Parmi les esp\u00e8ces v\u00e9g\u00e9tales trouv\u00e9es :<\/strong><\/h4>\n\n\n\n<p class=\"has-text-color\" style=\"color:#222fa3\">&#8211;<strong>Une Petite berle, qu\u2019on reconnait avec les dents pointues sur les feuilles\u2026<\/strong><\/p>\n\n\n\n<p class=\"has-text-color\" style=\"color:#222fa3\">&#8211; <strong>Un Scirpus (prononc\u00e9 SIRPUS), qui n\u2019\u00e9tait pas dans les guides de plantes<br>aquatiques car c\u2019est probablement une esp\u00e8ce de zone humide, peut-\u00eatre<br>Scirpus sylvatica.<\/strong><\/p>\n\n\n\n<figure class=\"wp-block-gallery alignwide has-nested-images columns-default is-cropped wp-block-gallery-2 is-layout-flex wp-block-gallery-is-layout-flex\">\n<figure class=\"wp-block-image size-large\"><img loading=\"lazy\" decoding=\"async\" width=\"1000\" height=\"540\" data-id=\"7742\" src=\"https:\/\/www.asso-torcol.fr\/wp-content\/uploads\/2022\/11\/LA-PETITE-BERLE.jpg\" alt=\"\" class=\"wp-image-7742\" srcset=\"https:\/\/www.asso-torcol.fr\/wp-content\/uploads\/2022\/11\/LA-PETITE-BERLE.jpg 1000w, https:\/\/www.asso-torcol.fr\/wp-content\/uploads\/2022\/11\/LA-PETITE-BERLE-768x415.jpg 768w\" sizes=\"auto, (max-width: 1000px) 100vw, 1000px\" \/><\/figure>\n\n\n\n<figure class=\"wp-block-image size-large\"><img loading=\"lazy\" decoding=\"async\" width=\"1000\" height=\"541\" data-id=\"7743\" src=\"https:\/\/www.asso-torcol.fr\/wp-content\/uploads\/2022\/11\/SCIRPUS-SP.jpg\" alt=\"\" class=\"wp-image-7743\" srcset=\"https:\/\/www.asso-torcol.fr\/wp-content\/uploads\/2022\/11\/SCIRPUS-SP.jpg 1000w, https:\/\/www.asso-torcol.fr\/wp-content\/uploads\/2022\/11\/SCIRPUS-SP-768x415.jpg 768w\" sizes=\"auto, (max-width: 1000px) 100vw, 1000px\" \/><\/figure>\n<\/figure>\n\n\n\n<p class=\"has-text-color\" style=\"color:#222fa3\"><strong>Au total, on a donc trouv\u00e9 au moins 10 esp\u00e8ces de plantes, appartenant \u00e0 des<br>milieux aquatiques\/de zones humides. A c\u00f4t\u00e9 de chaque esp\u00e8ce, son indice<br>d\u2019abondance\/dominance (Braun-Blanquet) est visible. On voit que la glyc\u00e9rie<br>flottante (Glyceria fluitans) est dominante, vient ensuite Apium nodiflorum,<br>l\u2019Ache faux-cresson, qui ressemble beaucoup au cresson des fontaines. Deux<br>esp\u00e8ces de n\u00e9nuphars pr\u00e9sentes (jaune et blanc), de l\u2019iris des marais, une esp\u00e8ce<br>de lentille d\u2019eau, Lemna minima (3 nervures). La foug\u00e8re Asplenium<br>scolopendrium ne faisait pas partie de la mare mais du ruisseau des Bergivaux.<\/strong><\/p>\n\n\n\n<p class=\"has-text-color\" style=\"color:#222fa3\"><strong>En ce qui concerne les Macroinvert\u00e9br\u00e9s, ceux-ci sont assez compliqu\u00e9s \u00e0<br>identifier jusqu\u2019\u00e0 l\u2019esp\u00e8ce :<\/strong><\/p>\n\n\n\n<p class=\"has-text-color\" style=\"color:#222fa3\">&#8211; <strong>Un col\u00e9opt\u00e8re de la famille des Haliplidae.<\/strong><\/p>\n\n\n\n<p class=\"has-text-color\" style=\"color:#222fa3\">&#8211; <strong>Un col\u00e9opt\u00e8re de la famille des dytiques.<\/strong><\/p>\n\n\n\n<figure class=\"wp-block-gallery alignwide has-nested-images columns-default is-cropped wp-block-gallery-3 is-layout-flex wp-block-gallery-is-layout-flex\">\n<figure class=\"wp-block-image size-large\"><img loading=\"lazy\" decoding=\"async\" width=\"998\" height=\"541\" data-id=\"7744\" src=\"https:\/\/www.asso-torcol.fr\/wp-content\/uploads\/2022\/11\/DYTISCUS-SP.jpg\" alt=\"\" class=\"wp-image-7744\" srcset=\"https:\/\/www.asso-torcol.fr\/wp-content\/uploads\/2022\/11\/DYTISCUS-SP.jpg 998w, https:\/\/www.asso-torcol.fr\/wp-content\/uploads\/2022\/11\/DYTISCUS-SP-768x416.jpg 768w\" sizes=\"auto, (max-width: 998px) 100vw, 998px\" \/><\/figure>\n\n\n\n<figure class=\"wp-block-image size-large\"><img loading=\"lazy\" decoding=\"async\" width=\"971\" height=\"541\" data-id=\"7745\" src=\"https:\/\/www.asso-torcol.fr\/wp-content\/uploads\/2022\/11\/HALIPLIDAE-SP.jpg\" alt=\"\" class=\"wp-image-7745\" srcset=\"https:\/\/www.asso-torcol.fr\/wp-content\/uploads\/2022\/11\/HALIPLIDAE-SP.jpg 971w, https:\/\/www.asso-torcol.fr\/wp-content\/uploads\/2022\/11\/HALIPLIDAE-SP-768x428.jpg 768w\" sizes=\"auto, (max-width: 971px) 100vw, 971px\" \/><\/figure>\n<\/figure>\n\n\n\n<p class=\"has-text-color\" style=\"color:#222fa3\"><strong>On a donc trouv\u00e9 au total beaucoup de larves de libellules (demoiselles =<br>zygopt\u00e8res). Les col\u00e9opt\u00e8res, des mollusques (escargots aquatiques = limn\u00e9es<br>ayant la coquille orient\u00e9e dans un sens particulier), des gammares = petites<br>crevettes d\u2019eau douce, des notonectes = punaises aquatiques et des gerris.<\/strong><\/p>\n\n\n\n<figure class=\"wp-block-gallery alignwide has-nested-images columns-default is-cropped wp-block-gallery-4 is-layout-flex wp-block-gallery-is-layout-flex\">\n<figure class=\"wp-block-image size-large\"><img loading=\"lazy\" decoding=\"async\" width=\"1000\" height=\"1334\" data-id=\"7765\" src=\"https:\/\/www.asso-torcol.fr\/wp-content\/uploads\/2022\/11\/IMG_20220929_225057.jpg\" alt=\"\" class=\"wp-image-7765\" srcset=\"https:\/\/www.asso-torcol.fr\/wp-content\/uploads\/2022\/11\/IMG_20220929_225057.jpg 1000w, https:\/\/www.asso-torcol.fr\/wp-content\/uploads\/2022\/11\/IMG_20220929_225057-768x1025.jpg 768w\" sizes=\"auto, (max-width: 1000px) 100vw, 1000px\" \/><\/figure>\n\n\n\n<figure class=\"wp-block-image size-large\"><img loading=\"lazy\" decoding=\"async\" width=\"1000\" height=\"1334\" data-id=\"7768\" src=\"https:\/\/www.asso-torcol.fr\/wp-content\/uploads\/2022\/11\/IMG_20221001_155148.jpg\" alt=\"\" class=\"wp-image-7768\" srcset=\"https:\/\/www.asso-torcol.fr\/wp-content\/uploads\/2022\/11\/IMG_20221001_155148.jpg 1000w, https:\/\/www.asso-torcol.fr\/wp-content\/uploads\/2022\/11\/IMG_20221001_155148-768x1025.jpg 768w\" sizes=\"auto, (max-width: 1000px) 100vw, 1000px\" \/><\/figure>\n<\/figure>\n\n\n\n<p class=\"has-text-color\" style=\"color:#222fa3\"><strong>La mare se trouve \u00e0 un emplacement assez ensoleill\u00e9. A la fin de l\u2019\u00e9t\u00e9, on y<br>retrouve la pr\u00e9sence d\u2019une flore immerg\u00e9e (sous l\u2019eau) comme la glyc\u00e9rie<br>flottante ou les callitriches. Une flore flottante est \u00e9galement install\u00e9e =<br>n\u00e9nuphars et lentilles d\u2019eau. Au d\u00e9but de l\u2019automne, les algues filamenteuses et<br>la v\u00e9g\u00e9tation flottante prennent le pas sur la flore immerg\u00e9e car il y a une<br>comp\u00e9tition pour la lumi\u00e8re. On dit souvent qu\u2019un \u00e9cosyst\u00e8me sain est un<br>\u00e9cosyst\u00e8me en \u00e9quilibre.<\/strong><\/p>\n\n\n\n<figure class=\"wp-block-gallery alignwide has-nested-images columns-default is-cropped wp-block-gallery-5 is-layout-flex wp-block-gallery-is-layout-flex\">\n<figure class=\"wp-block-image size-large\"><img loading=\"lazy\" decoding=\"async\" width=\"1000\" height=\"1334\" data-id=\"7766\" src=\"https:\/\/www.asso-torcol.fr\/wp-content\/uploads\/2022\/11\/IMG_20221001_122321.jpg\" alt=\"\" class=\"wp-image-7766\" srcset=\"https:\/\/www.asso-torcol.fr\/wp-content\/uploads\/2022\/11\/IMG_20221001_122321.jpg 1000w, https:\/\/www.asso-torcol.fr\/wp-content\/uploads\/2022\/11\/IMG_20221001_122321-768x1025.jpg 768w\" sizes=\"auto, (max-width: 1000px) 100vw, 1000px\" \/><\/figure>\n\n\n\n<figure class=\"wp-block-image size-large\"><img loading=\"lazy\" decoding=\"async\" width=\"1000\" height=\"1334\" data-id=\"7764\" src=\"https:\/\/www.asso-torcol.fr\/wp-content\/uploads\/2022\/11\/image-cca32b13-b923-47b8-9584-74e01568f1114316207939207657986.jpg\" alt=\"\" class=\"wp-image-7764\" srcset=\"https:\/\/www.asso-torcol.fr\/wp-content\/uploads\/2022\/11\/image-cca32b13-b923-47b8-9584-74e01568f1114316207939207657986.jpg 1000w, https:\/\/www.asso-torcol.fr\/wp-content\/uploads\/2022\/11\/image-cca32b13-b923-47b8-9584-74e01568f1114316207939207657986-768x1025.jpg 768w\" sizes=\"auto, (max-width: 1000px) 100vw, 1000px\" \/><\/figure>\n<\/figure>\n\n\n\n<p class=\"has-text-color\" style=\"color:#222fa3\"><strong>En r\u00e9alit\u00e9, cet \u00e9quilibre est maintenu par une comp\u00e9tition intense entre les<br>esp\u00e8ces qui essaient tant bien que mal d\u2019acc\u00e9der aux ressources n\u00e9cessaires.<br>L\u2019ombrage est la capacit\u00e9 d\u2019une esp\u00e8ce \u00e0 faire de l\u2019ombre \u00e0 une autre. La<br>comp\u00e9tition par all\u00e9lopathie correspond \u00e0 la production de compos\u00e9s toxiques<br>dans le but de d\u00e9favoriser la croissance d\u2019autres plantes.<\/strong><\/p>\n\n\n\n<p class=\"has-text-color\" style=\"color:#222fa3\"><strong>Aussi, la pr\u00e9sence de plantes immerg\u00e9es et \u00e9merg\u00e9es offre une niche<br>\u00e9cologique, un habitat, \u00e0 des esp\u00e8ces de macroinvert\u00e9br\u00e9s telles que les larves<br>de zygopt\u00e8re. Comme la surface est libre, les gerris sont aussi pr\u00e9sents.<\/strong><\/p>\n\n\n\n<h2 class=\"has-text-align-center has-text-color wp-block-heading\" style=\"color:#222fa3\"><strong> ****************************<\/strong><\/h2>\n\n\n\n<h3 class=\"has-text-color wp-block-heading\" style=\"color:#222fa3\"><strong>Dans un second temps, nous allons parler de l\u2019animation du 02 octobre sur la mare pr\u00e8s de la Moselle (proche de la gare d\u2019Ancy).<\/strong><\/h3>\n\n\n\n<figure class=\"wp-block-image alignwide size-large\"><img loading=\"lazy\" decoding=\"async\" width=\"1000\" height=\"541\" src=\"https:\/\/www.asso-torcol.fr\/wp-content\/uploads\/2022\/11\/ANIMATION-2-OCTOBRE-2022.jpg\" alt=\"\" class=\"wp-image-7746\" srcset=\"https:\/\/www.asso-torcol.fr\/wp-content\/uploads\/2022\/11\/ANIMATION-2-OCTOBRE-2022.jpg 1000w, https:\/\/www.asso-torcol.fr\/wp-content\/uploads\/2022\/11\/ANIMATION-2-OCTOBRE-2022-768x415.jpg 768w\" sizes=\"auto, (max-width: 1000px) 100vw, 1000px\" \/><\/figure>\n\n\n\n<p class=\"has-text-color\" style=\"color:#222fa3\"><strong>Au niveau de la flore :<br>Nous y avons observ\u00e9 un pied de plantain d\u2019eau, ressemblant au plantain<br>terrestre mais n\u2019\u00e9tant pas de la m\u00eame famille.<br>Nous avons \u00e9galement not\u00e9 la pr\u00e9sence de l\u2019iris des marais.<\/strong><\/p>\n\n\n\n<div class=\"wp-block-group\"><div class=\"wp-block-group__inner-container is-layout-flow wp-block-group-is-layout-flow\"><\/div><\/div>\n\n\n\n<p class=\"has-text-color\" style=\"color:#222fa3\"><strong>Lorsque l\u2019on observe la mare, celle-ci est immacul\u00e9e de lentilles d\u2019eau. En s\u2019y<br>int\u00e9ressant de plus pr\u00e8s, on peut remarquer 3 esp\u00e8ces de lentilles (Wolfia<br>arrhyza, la plus petite plante vasculaire du monde, Spirodela polyrhyza et Lemna<br>minuta, esp\u00e8ce exotique envahissante.). De la m\u00eame mani\u00e8re qu\u2019au Bergivaux,<br>nous avons d\u00e9cel\u00e9 la pr\u00e9sence de l\u2019esp\u00e8ce de zone humide Scirpus sp. S\u00fbrement<br>sylvatica. Tr\u00e8s peu de phragmites (roseaux) \u00e9taient pr\u00e9sents m\u00eame si beaucoup<br>bordent le chemin menant \u00e0 la mare. Pimprinella major, esp\u00e8ce de zone humide<br>a \u00e9t\u00e9 observ\u00e9e. On a aussi trouv\u00e9 une esp\u00e8ce de carex (sans fleur, difficile de<br>trouver l\u2019esp\u00e8ce) ainsi que du jonc diffus.<\/strong><\/p>\n\n\n\n<figure class=\"wp-block-image alignwide size-large\"><img loading=\"lazy\" decoding=\"async\" width=\"1334\" height=\"890\" src=\"https:\/\/www.asso-torcol.fr\/wp-content\/uploads\/2022\/11\/DSC_0214.jpg\" alt=\"\" class=\"wp-image-7761\" srcset=\"https:\/\/www.asso-torcol.fr\/wp-content\/uploads\/2022\/11\/DSC_0214.jpg 1334w, https:\/\/www.asso-torcol.fr\/wp-content\/uploads\/2022\/11\/DSC_0214-768x512.jpg 768w\" sizes=\"auto, (max-width: 1334px) 100vw, 1334px\" \/><\/figure>\n\n\n\n<p class=\"has-text-color\" style=\"color:#222fa3\"><strong>Concernant les macro invert\u00e9br\u00e9s, on a pu noter la pr\u00e9sence de nombreuses<br>sangsues (hirudinae) dans les pr\u00e9l\u00e8vements.<br>Une seule larve d\u2019odonate a \u00e9t\u00e9 observ\u00e9e sur plus de 5 pr\u00e9l\u00e8vements.<br>Et enfin, une n\u00e8pe a \u00e9t\u00e9 trouv\u00e9e par Christian dans un coin de la mare.<br>En plus de ces individus, ont \u00e9t\u00e9 trouv\u00e9s des gammares, des mollusques ainsi que<br>des col\u00e9opt\u00e8res. On a \u00e9galement pu observer des cop\u00e9podes, qui sont de toutes<br>petites crevettes, apparent\u00e9es \u00e0 du zooplancton.<\/strong><\/p>\n\n\n\n<figure class=\"wp-block-gallery alignwide has-nested-images columns-default is-cropped wp-block-gallery-6 is-layout-flex wp-block-gallery-is-layout-flex\">\n<figure class=\"wp-block-image size-large\"><img loading=\"lazy\" decoding=\"async\" width=\"981\" height=\"541\" data-id=\"7748\" src=\"https:\/\/www.asso-torcol.fr\/wp-content\/uploads\/2022\/11\/LARVE-ODONATE.jpg\" alt=\"\" class=\"wp-image-7748\" srcset=\"https:\/\/www.asso-torcol.fr\/wp-content\/uploads\/2022\/11\/LARVE-ODONATE.jpg 981w, https:\/\/www.asso-torcol.fr\/wp-content\/uploads\/2022\/11\/LARVE-ODONATE-768x424.jpg 768w\" sizes=\"auto, (max-width: 981px) 100vw, 981px\" \/><\/figure>\n\n\n\n<figure class=\"wp-block-image size-large\"><img loading=\"lazy\" decoding=\"async\" width=\"1000\" height=\"524\" data-id=\"7749\" src=\"https:\/\/www.asso-torcol.fr\/wp-content\/uploads\/2022\/11\/SANGSUE.jpg\" alt=\"\" class=\"wp-image-7749\" srcset=\"https:\/\/www.asso-torcol.fr\/wp-content\/uploads\/2022\/11\/SANGSUE.jpg 1000w, https:\/\/www.asso-torcol.fr\/wp-content\/uploads\/2022\/11\/SANGSUE-768x402.jpg 768w\" sizes=\"auto, (max-width: 1000px) 100vw, 1000px\" \/><\/figure>\n\n\n\n<figure class=\"wp-block-image size-large\"><img loading=\"lazy\" decoding=\"async\" width=\"971\" height=\"541\" data-id=\"7750\" src=\"https:\/\/www.asso-torcol.fr\/wp-content\/uploads\/2022\/11\/NEPE.jpg\" alt=\"\" class=\"wp-image-7750\" srcset=\"https:\/\/www.asso-torcol.fr\/wp-content\/uploads\/2022\/11\/NEPE.jpg 971w, https:\/\/www.asso-torcol.fr\/wp-content\/uploads\/2022\/11\/NEPE-768x428.jpg 768w\" sizes=\"auto, (max-width: 971px) 100vw, 971px\" \/><\/figure>\n<\/figure>\n\n\n\n<p class=\"has-text-color\" style=\"color:#222fa3\"><strong>La mare se situant \u00e0 proximit\u00e9 de la rivi\u00e8re Moselle, lors de d\u00e9bordements,<br>l\u2019introduction d\u2019esp\u00e8ces invasives est grandement facilit\u00e9e (e.g. Lemna minuta).<br>Le recouvrement total de la mare par les lentilles d\u2019eau peut \u00eatre expliqu\u00e9 par :<br>Une comp\u00e9tition intense pour la lumi\u00e8re, les lentilles d\u2019eau ont l\u2019avantage, un<br>probl\u00e8me d\u2019eutrophisation ? (Trop de nutriments)<\/strong><\/p>\n\n\n\n<p class=\"has-text-color\" style=\"color:#222fa3\"><strong>La forte pr\u00e9sence de biomasse (Lentilles d\u2019eau et feuilles mortes, couche<br>importante pr\u00e9sente \u00e0 la surface de la mare) demande une forte dose d\u2019oxyg\u00e8ne<br>aux organismes d\u00e9composeurs. De plus, \u00e0 cause de la couche de lentilles d\u2019eau,<br>l\u2019oxyg\u00e8ne passe mal entre l\u2019air et l\u2019eau. De ce fait, le milieu sera assez pauvre en<br>oxyg\u00e8ne. Ce qui explique la forte abondance de sangsues car ces organismes sont<br>adapt\u00e9s aux milieux pauvres en oxyg\u00e8ne.<\/strong><\/p>\n\n\n\n<p class=\"has-text-color\" style=\"color:#222fa3\"><strong>On a notamment senti du sulfure d\u2019hydrog\u00e8ne (odeur d\u2019\u0153ufs pourris), produit<br>lorsque la d\u00e9gradation de la mati\u00e8re organique (feuilles mortes) se fait<br>difficilement.<br>L\u2019accumulation de feuilles mortes mal d\u00e9compos\u00e9es donne lieu \u00e0 la formation<br>d\u2019une grande couche de vase.<br>Le milieu \u00e9tant colonis\u00e9 par les lentilles d\u2019eau, il n\u2019y a pas de plantes immerg\u00e9es<br>et \u00e9merg\u00e9es : par cons\u00e9quent sans ses plantes, le milieu est d\u00e9favorable au<br>d\u00e9veloppement de larves d\u2019odonates.<\/strong><\/p>\n\n\n\n<p class=\"has-text-color\" style=\"color:#222fa3\"><strong>En conclusion, M\u00eame si les deux mares se situent non loin l\u2019une de l\u2019autre, on<br>observe que la biodiversit\u00e9 des deux milieux est radicalement diff\u00e9rente. L\u2019une<br>n\u2019est pas n\u00e9cessairement moins qualitative que l\u2019autre ! Des esp\u00e8ces sp\u00e9cialis\u00e9es<br>sont faites pour vivre dans un large panel de condition \ud83d\ude09 !<\/strong><\/p>\n\n\n\n<p class=\"has-text-color\" style=\"color:#222fa3\"><strong>Merci aux adh\u00e9rents qui sont venus assister aux ateliers, nous<br>esp\u00e9rons que vous avez appr\u00e9ci\u00e9 !<\/strong><\/p>\n\n\n\n<p class=\"has-text-color\" style=\"color:#222fa3\"><strong>Th\u00e9o SOLFATO et Philippine MORLOT,<\/strong><\/p>\n\n\n\n<p class=\"has-text-color\" style=\"color:#222fa3\"><strong>Etudiants en M2 Gestion de l&rsquo;environnement parcours GEMAREC &#8211; UFR SciFa<br>Metz &#8211; Campus Bridoux et adh\u00e9rent de l&rsquo;association TORCOL<\/strong><\/p>\n","protected":false},"excerpt":{"rendered":"<p>INVENTAIRES Dans un premier temps, nous allons nous attarder sur l\u2019animation du 1er octobre, soit sur la mare des Bergivaux. Nous pr\u00e9senterons d\u2019abord les esp\u00e8cesrencontr\u00e9es et ensuite la potentielle histoire qu\u2019on peut tisser avec&#46;&#46;&#46;<\/p>\n","protected":false},"author":1,"featured_media":7740,"comment_status":"closed","ping_status":"closed","sticky":false,"template":"","format":"standard","meta":{"footnotes":""},"categories":[70,87],"tags":[],"class_list":["post-7731","post","type-post","status-publish","format-standard","has-post-thumbnail","hentry","category-vergers","category-actions"],"_links":{"self":[{"href":"https:\/\/www.asso-torcol.fr\/index.php\/wp-json\/wp\/v2\/posts\/7731","targetHints":{"allow":["GET"]}}],"collection":[{"href":"https:\/\/www.asso-torcol.fr\/index.php\/wp-json\/wp\/v2\/posts"}],"about":[{"href":"https:\/\/www.asso-torcol.fr\/index.php\/wp-json\/wp\/v2\/types\/post"}],"author":[{"embeddable":true,"href":"https:\/\/www.asso-torcol.fr\/index.php\/wp-json\/wp\/v2\/users\/1"}],"replies":[{"embeddable":true,"href":"https:\/\/www.asso-torcol.fr\/index.php\/wp-json\/wp\/v2\/comments?post=7731"}],"version-history":[{"count":12,"href":"https:\/\/www.asso-torcol.fr\/index.php\/wp-json\/wp\/v2\/posts\/7731\/revisions"}],"predecessor-version":[{"id":8361,"href":"https:\/\/www.asso-torcol.fr\/index.php\/wp-json\/wp\/v2\/posts\/7731\/revisions\/8361"}],"wp:featuredmedia":[{"embeddable":true,"href":"https:\/\/www.asso-torcol.fr\/index.php\/wp-json\/wp\/v2\/media\/7740"}],"wp:attachment":[{"href":"https:\/\/www.asso-torcol.fr\/index.php\/wp-json\/wp\/v2\/media?parent=7731"}],"wp:term":[{"taxonomy":"category","embeddable":true,"href":"https:\/\/www.asso-torcol.fr\/index.php\/wp-json\/wp\/v2\/categories?post=7731"},{"taxonomy":"post_tag","embeddable":true,"href":"https:\/\/www.asso-torcol.fr\/index.php\/wp-json\/wp\/v2\/tags?post=7731"}],"curies":[{"name":"wp","href":"https:\/\/api.w.org\/{rel}","templated":true}]}}