{"id":6285,"date":"2020-11-11T14:10:00","date_gmt":"2020-11-11T13:10:00","guid":{"rendered":"https:\/\/www.asso-torcol.fr\/?p=6285"},"modified":"2022-06-12T17:42:46","modified_gmt":"2022-06-12T15:42:46","slug":"un-nouveau-foyer-pour-la-chouette-effraie","status":"publish","type":"post","link":"https:\/\/www.asso-torcol.fr\/index.php\/2020\/11\/11\/un-nouveau-foyer-pour-la-chouette-effraie\/","title":{"rendered":"ANCY-SUR-MOSELLE"},"content":{"rendered":"\n<h1 class=\"has-text-color wp-block-heading\" style=\"color:#0010a3\">Un nouveau foyer pour la chouette effraie<\/h1>\n\n\n\n<p style=\"color:#2124ba\" class=\"has-text-color\"><strong>Le 30 Septembre 2020, nos Service Civique Dylan et Laurie ont install\u00e9 un nouveau nichoir \u00e0 chouette effraie dans le grenier de la mairie d\u2019Ancy-sur-Moselle.<\/strong><\/p>\n\n\n\n<div class=\"wp-block-image\"><figure class=\"aligncenter size-large is-resized\"><img loading=\"lazy\" decoding=\"async\" src=\"https:\/\/www.asso-torcol.fr\/wp-content\/uploads\/2020\/11\/nichoir-ancyy.jpg\" alt=\"\" class=\"wp-image-6298\" width=\"600\" height=\"800\"\/><\/figure><\/div>\n\n\n\n<p style=\"color:#2124ba\" class=\"has-text-color\"><strong>C\u2019est un renouveau pour ces chouettes qui cr\u00e9chaient alors dans l\u2019ancien nichoir pos\u00e9 l\u00e0 depuis pr\u00e8s de 30 ans. C\u2019est avec une perceuse, une visseuse et un peu d\u2019huile de coude que nos bricoleurs ont fix\u00e9 les deux \u00e9querres permettant de soutenir le nichoir, et de fixer l\u2019ensemble de la structure. Un grillage a \u00e9galement \u00e9t\u00e9 install\u00e9 au-dessus de ce dernier afin d\u2019\u00e9viter que des pigeons n\u2019entrent dans le grenier si les volets en bois venaient \u00e0 casser.<\/strong><\/p>\n\n\n\n<div class=\"wp-block-image\"><figure class=\"aligncenter size-large\"><img loading=\"lazy\" decoding=\"async\" width=\"600\" height=\"800\" src=\"https:\/\/www.asso-torcol.fr\/wp-content\/uploads\/2020\/11\/REDIM-nichoir-.jpg\" alt=\"\" class=\"wp-image-6299\"\/><\/figure><\/div>\n\n\n\n<p style=\"color:#2124ba\" class=\"has-text-color\"><strong>Et voil\u00e0 le travail&nbsp;! Nous remercions le d\u00e9partement de la Moselle et la commune d\u2019Ancy pour nous avoir permis d\u2019installer ce nouveau nichoir et de contribuer \u00e0 la protection de cette esp\u00e8ce qu\u2019est la chouette effra<\/strong><em><strong>ie<\/strong>&nbsp;!<\/em><\/p>\n\n\n\n<p><a href=\"https:\/\/www.asso-torcol.fr\/index.php\/2020\/11\/03\/un-nouveau-nichoir-cest-chouette\/\"><strong>Cliquez pour voir l&rsquo;article du R\u00e9publicain Lorrain<\/strong><\/a><\/p>\n\n\n\n<p><\/p>\n\n\n\n<p><\/p>\n\n\n\n<p><\/p>\n","protected":false},"excerpt":{"rendered":"<p>Un nouveau foyer pour la chouette effraie Le 30 Septembre 2020, nos Service Civique Dylan et Laurie ont install\u00e9 un nouveau nichoir \u00e0 chouette effraie dans le grenier de la mairie d\u2019Ancy-sur-Moselle. C\u2019est un&#46;&#46;&#46;<\/p>\n","protected":false},"author":1,"featured_media":6301,"comment_status":"closed","ping_status":"closed","sticky":false,"template":"","format":"standard","meta":{"footnotes":""},"categories":[77,48,23,71],"tags":[],"class_list":["post-6285","post","type-post","status-publish","format-standard","has-post-thumbnail","hentry","category-chouette-effraie","category-identifications","category-protection","category-realisation-et-pose-des-nichoirs"],"_links":{"self":[{"href":"https:\/\/www.asso-torcol.fr\/index.php\/wp-json\/wp\/v2\/posts\/6285","targetHints":{"allow":["GET"]}}],"collection":[{"href":"https:\/\/www.asso-torcol.fr\/index.php\/wp-json\/wp\/v2\/posts"}],"about":[{"href":"https:\/\/www.asso-torcol.fr\/index.php\/wp-json\/wp\/v2\/types\/post"}],"author":[{"embeddable":true,"href":"https:\/\/www.asso-torcol.fr\/index.php\/wp-json\/wp\/v2\/users\/1"}],"replies":[{"embeddable":true,"href":"https:\/\/www.asso-torcol.fr\/index.php\/wp-json\/wp\/v2\/comments?post=6285"}],"version-history":[{"count":7,"href":"https:\/\/www.asso-torcol.fr\/index.php\/wp-json\/wp\/v2\/posts\/6285\/revisions"}],"predecessor-version":[{"id":6310,"href":"https:\/\/www.asso-torcol.fr\/index.php\/wp-json\/wp\/v2\/posts\/6285\/revisions\/6310"}],"wp:featuredmedia":[{"embeddable":true,"href":"https:\/\/www.asso-torcol.fr\/index.php\/wp-json\/wp\/v2\/media\/6301"}],"wp:attachment":[{"href":"https:\/\/www.asso-torcol.fr\/index.php\/wp-json\/wp\/v2\/media?parent=6285"}],"wp:term":[{"taxonomy":"category","embeddable":true,"href":"https:\/\/www.asso-torcol.fr\/index.php\/wp-json\/wp\/v2\/categories?post=6285"},{"taxonomy":"post_tag","embeddable":true,"href":"https:\/\/www.asso-torcol.fr\/index.php\/wp-json\/wp\/v2\/tags?post=6285"}],"curies":[{"name":"wp","href":"https:\/\/api.w.org\/{rel}","templated":true}]}}