{"id":3653,"date":"2020-01-22T16:20:35","date_gmt":"2020-01-22T15:20:35","guid":{"rendered":"https:\/\/www.asso-torcol.fr\/?p=3653"},"modified":"2024-06-23T09:42:58","modified_gmt":"2024-06-23T07:42:58","slug":"plantation-au-verger-du-vieux-puits-de-plappeville","status":"publish","type":"post","link":"https:\/\/www.asso-torcol.fr\/index.php\/2020\/01\/22\/plantation-au-verger-du-vieux-puits-de-plappeville\/","title":{"rendered":"Plantation au Verger du \u00ab\u00a0vieux Puits\u00a0\u00bb de Plappeville"},"content":{"rendered":"\n<p class=\"has-text-color\" style=\"color:#000ba3\"><strong>Le 31 d\u00e9cembre 2019, l&rsquo;association TORCOL a  propos\u00e9 la plantation d&rsquo;un noyer rouge de Moselle dans le verger r\u00e9habilit\u00e9.<\/strong><\/p>\n\n\n\n<p class=\"has-text-color\" style=\"color:#000ba3\"> <strong>Ce sera le premier fruitier plant\u00e9 depuis le chantier de d\u00e9frichage<\/strong> <strong>des 10 et 11 novembre 2019<\/strong>.<\/p>\n\n\n\n<figure class=\"wp-block-gallery aligncenter has-nested-images columns-2 is-cropped wp-block-gallery-1 is-layout-flex wp-block-gallery-is-layout-flex\">\n<figure class=\"wp-block-image size-large\"><img loading=\"lazy\" decoding=\"async\" width=\"741\" height=\"556\" data-id=\"3654\" src=\"https:\/\/www.asso-torcol.fr\/wp-content\/uploads\/2020\/01\/DPP_0002-1.jpg\" alt=\"\" class=\"wp-image-3654\"\/><\/figure>\n\n\n\n<figure class=\"wp-block-image size-large\"><img loading=\"lazy\" decoding=\"async\" width=\"741\" height=\"556\" data-id=\"3662\" src=\"https:\/\/www.asso-torcol.fr\/wp-content\/uploads\/2020\/01\/DPP_0010-1.jpg\" alt=\"\" class=\"wp-image-3662\"\/><figcaption class=\"wp-element-caption\">PLAPPEVILLE<\/figcaption><\/figure>\n\n\n\n<figure class=\"wp-block-image size-large\"><img loading=\"lazy\" decoding=\"async\" width=\"741\" height=\"556\" data-id=\"3661\" src=\"https:\/\/www.asso-torcol.fr\/wp-content\/uploads\/2020\/01\/DPP_0009-1.jpg\" alt=\"\" class=\"wp-image-3661\"\/><figcaption class=\"wp-element-caption\">PLAPPEVILLE<\/figcaption><\/figure>\n\n\n\n<figure class=\"wp-block-image size-large\"><img loading=\"lazy\" decoding=\"async\" width=\"741\" height=\"556\" data-id=\"3656\" src=\"https:\/\/www.asso-torcol.fr\/wp-content\/uploads\/2020\/01\/DPP_0004-1.jpg\" alt=\"\" class=\"wp-image-3656\"\/><\/figure>\n\n\n\n<figure class=\"wp-block-image size-large\"><img loading=\"lazy\" decoding=\"async\" width=\"741\" height=\"556\" data-id=\"3657\" src=\"https:\/\/www.asso-torcol.fr\/wp-content\/uploads\/2020\/01\/DPP_0005-1.jpg\" alt=\"\" class=\"wp-image-3657\"\/><\/figure>\n<\/figure>\n\n\n\n<p class=\"has-text-color\" style=\"color:#000ba3\"><strong> Le Noyer est un arbre de grande taille pouvant atteindre 15 m\u00e8tres de haut.<br>Il aime les terrains argileux et profonds. Il supporte le calcaire et pousse en pleine lumi\u00e8re. Le noyer rouge de Moselle est issue de semis, sa noix est de taille moyenne et son cerneau est color\u00e9 de rouge carmin.&nbsp; <\/strong><\/p>\n\n\n\n<p class=\"has-text-color\" style=\"color:#000ba3\"><strong>Une protection \u00ab\u00a0comme un petit grillage<\/strong>\u00a0\u00bb <strong> s&rsquo;av\u00e8re grandement n\u00e9cessaire<\/strong> <strong>  lorsqu&rsquo;il est encore tout jeune, afin de le prot\u00e9ger des animaux qui voudraient au d\u00e9tour du chemin venir s&rsquo;y frotter ou peut-\u00eatre m\u00eame le d\u00e9guster&#8230;<\/strong><\/p>\n\n\n\n<figure class=\"wp-block-gallery aligncenter has-nested-images columns-3 is-cropped wp-block-gallery-2 is-layout-flex wp-block-gallery-is-layout-flex\">\n<figure class=\"wp-block-image size-large\"><img loading=\"lazy\" decoding=\"async\" width=\"741\" height=\"556\" data-id=\"3655\" src=\"https:\/\/www.asso-torcol.fr\/wp-content\/uploads\/2020\/01\/DPP_0003-1.jpg\" alt=\"\" class=\"wp-image-3655\"\/><\/figure>\n\n\n\n<figure class=\"wp-block-image size-large\"><img loading=\"lazy\" decoding=\"async\" width=\"556\" height=\"741\" data-id=\"3660\" src=\"https:\/\/www.asso-torcol.fr\/wp-content\/uploads\/2020\/01\/DPP_0008-1.jpg\" alt=\"\" class=\"wp-image-3660\"\/><figcaption class=\"wp-element-caption\">PLAPPEVILLE<\/figcaption><\/figure>\n\n\n\n<figure class=\"wp-block-image size-large\"><img loading=\"lazy\" decoding=\"async\" width=\"556\" height=\"741\" data-id=\"3659\" src=\"https:\/\/www.asso-torcol.fr\/wp-content\/uploads\/2020\/01\/DPP_0007-1.jpg\" alt=\"\" class=\"wp-image-3659\"\/><figcaption class=\"wp-element-caption\">PLAPPEVILLE<\/figcaption><\/figure>\n<\/figure>\n\n\n\n<p class=\"has-text-color\" style=\"color:#000ba3\"><strong>Texte et photos : Brigitte CLOSSET<\/strong><\/p>\n","protected":false},"excerpt":{"rendered":"<p>Le 31 d\u00e9cembre 2019, l&rsquo;association TORCOL a propos\u00e9 la plantation d&rsquo;un noyer rouge de Moselle dans le verger r\u00e9habilit\u00e9. Ce sera le premier fruitier plant\u00e9 depuis le chantier de d\u00e9frichage des 10 et 11&#46;&#46;&#46;<\/p>\n","protected":false},"author":1,"featured_media":3659,"comment_status":"closed","ping_status":"closed","sticky":false,"template":"","format":"standard","meta":{"footnotes":""},"categories":[65,45],"tags":[],"class_list":["post-3653","post","type-post","status-publish","format-standard","has-post-thumbnail","hentry","category-plappeville","category-protection-2"],"_links":{"self":[{"href":"https:\/\/www.asso-torcol.fr\/index.php\/wp-json\/wp\/v2\/posts\/3653","targetHints":{"allow":["GET"]}}],"collection":[{"href":"https:\/\/www.asso-torcol.fr\/index.php\/wp-json\/wp\/v2\/posts"}],"about":[{"href":"https:\/\/www.asso-torcol.fr\/index.php\/wp-json\/wp\/v2\/types\/post"}],"author":[{"embeddable":true,"href":"https:\/\/www.asso-torcol.fr\/index.php\/wp-json\/wp\/v2\/users\/1"}],"replies":[{"embeddable":true,"href":"https:\/\/www.asso-torcol.fr\/index.php\/wp-json\/wp\/v2\/comments?post=3653"}],"version-history":[{"count":5,"href":"https:\/\/www.asso-torcol.fr\/index.php\/wp-json\/wp\/v2\/posts\/3653\/revisions"}],"predecessor-version":[{"id":9801,"href":"https:\/\/www.asso-torcol.fr\/index.php\/wp-json\/wp\/v2\/posts\/3653\/revisions\/9801"}],"wp:featuredmedia":[{"embeddable":true,"href":"https:\/\/www.asso-torcol.fr\/index.php\/wp-json\/wp\/v2\/media\/3659"}],"wp:attachment":[{"href":"https:\/\/www.asso-torcol.fr\/index.php\/wp-json\/wp\/v2\/media?parent=3653"}],"wp:term":[{"taxonomy":"category","embeddable":true,"href":"https:\/\/www.asso-torcol.fr\/index.php\/wp-json\/wp\/v2\/categories?post=3653"},{"taxonomy":"post_tag","embeddable":true,"href":"https:\/\/www.asso-torcol.fr\/index.php\/wp-json\/wp\/v2\/tags?post=3653"}],"curies":[{"name":"wp","href":"https:\/\/api.w.org\/{rel}","templated":true}]}}