{"id":2491,"date":"2019-07-12T17:19:23","date_gmt":"2019-07-12T15:19:23","guid":{"rendered":"https:\/\/www.asso-torcol.fr\/?p=2491"},"modified":"2022-06-12T18:20:42","modified_gmt":"2022-06-12T16:20:42","slug":"inauguration-du-site-des-bergivaux","status":"publish","type":"post","link":"https:\/\/www.asso-torcol.fr\/index.php\/2019\/07\/12\/inauguration-du-site-des-bergivaux\/","title":{"rendered":"Inauguration du site des Bergivaux"},"content":{"rendered":"\n<h2 class=\"has-text-color wp-block-heading\" style=\"color:#000ba3\"><strong>Le vendredi 23 juin 2019<\/strong> <br><\/h2>\n\n\n\n<div class=\"wp-block-image\"><figure class=\"aligncenter size-large\"><img loading=\"lazy\" decoding=\"async\" width=\"2247\" height=\"1621\" src=\"https:\/\/www.asso-torcol.fr\/wp-content\/uploads\/2020\/11\/VERGER.jpg\" alt=\"\" class=\"wp-image-6352\" srcset=\"https:\/\/www.asso-torcol.fr\/wp-content\/uploads\/2020\/11\/VERGER.jpg 2247w, https:\/\/www.asso-torcol.fr\/wp-content\/uploads\/2020\/11\/VERGER-768x554.jpg 768w, https:\/\/www.asso-torcol.fr\/wp-content\/uploads\/2020\/11\/VERGER-1536x1108.jpg 1536w, https:\/\/www.asso-torcol.fr\/wp-content\/uploads\/2020\/11\/VERGER-2048x1477.jpg 2048w\" sizes=\"auto, (max-width: 2247px) 100vw, 2247px\" \/><\/figure><\/div>\n\n\n\n<p style=\"color:#000ba3\" class=\"has-text-color\">Ce jour-l\u00e0, le maire d&rsquo;Ancy-Dornot M. Gilles SOULIER, le conseiller d\u00e9partemental de la Moselle M. Jean FRAN\u00c7OIS, le s\u00e9nateur de la Moselle M. Fran\u00e7ois GROSDIDIER, le pr\u00e9sident de la f\u00e9d\u00e9ration France Nature Environnement et bien d&rsquo;autres personnalit\u00e9s \u00e9taient pr\u00e9sents.<\/p>\n\n\n\n<figure class=\"wp-block-gallery aligncenter columns-2 is-cropped wp-block-gallery-1 is-layout-flex wp-block-gallery-is-layout-flex\"><ul class=\"blocks-gallery-grid\"><li class=\"blocks-gallery-item\"><figure><img loading=\"lazy\" decoding=\"async\" width=\"800\" height=\"600\" src=\"https:\/\/www.asso-torcol.fr\/wp-content\/uploads\/2019\/07\/0-1.jpg\" alt=\"\" data-id=\"2496\" data-link=\"https:\/\/www.asso-torcol.fr\/?attachment_id=2496\" class=\"wp-image-2496\" srcset=\"https:\/\/www.asso-torcol.fr\/wp-content\/uploads\/2019\/07\/0-1.jpg 800w, https:\/\/www.asso-torcol.fr\/wp-content\/uploads\/2019\/07\/0-1-768x576.jpg 768w\" sizes=\"auto, (max-width: 800px) 100vw, 800px\" \/><\/figure><\/li><li class=\"blocks-gallery-item\"><figure><img loading=\"lazy\" decoding=\"async\" width=\"800\" height=\"600\" src=\"https:\/\/www.asso-torcol.fr\/wp-content\/uploads\/2019\/07\/0-2.jpg\" alt=\"\" data-id=\"2497\" data-link=\"https:\/\/www.asso-torcol.fr\/?attachment_id=2497\" class=\"wp-image-2497\" srcset=\"https:\/\/www.asso-torcol.fr\/wp-content\/uploads\/2019\/07\/0-2.jpg 800w, https:\/\/www.asso-torcol.fr\/wp-content\/uploads\/2019\/07\/0-2-768x576.jpg 768w\" sizes=\"auto, (max-width: 800px) 100vw, 800px\" \/><\/figure><\/li><li class=\"blocks-gallery-item\"><figure><img loading=\"lazy\" decoding=\"async\" width=\"800\" height=\"600\" src=\"https:\/\/www.asso-torcol.fr\/wp-content\/uploads\/2019\/07\/1-1.jpg\" alt=\"\" data-id=\"2498\" data-link=\"https:\/\/www.asso-torcol.fr\/?attachment_id=2498\" class=\"wp-image-2498\" srcset=\"https:\/\/www.asso-torcol.fr\/wp-content\/uploads\/2019\/07\/1-1.jpg 800w, https:\/\/www.asso-torcol.fr\/wp-content\/uploads\/2019\/07\/1-1-768x576.jpg 768w\" sizes=\"auto, (max-width: 800px) 100vw, 800px\" \/><\/figure><\/li><li class=\"blocks-gallery-item\"><figure><img loading=\"lazy\" decoding=\"async\" width=\"800\" height=\"600\" src=\"https:\/\/www.asso-torcol.fr\/wp-content\/uploads\/2019\/07\/1-3.jpg\" alt=\"\" data-id=\"2499\" data-link=\"https:\/\/www.asso-torcol.fr\/?attachment_id=2499\" class=\"wp-image-2499\" srcset=\"https:\/\/www.asso-torcol.fr\/wp-content\/uploads\/2019\/07\/1-3.jpg 800w, https:\/\/www.asso-torcol.fr\/wp-content\/uploads\/2019\/07\/1-3-768x576.jpg 768w\" sizes=\"auto, (max-width: 800px) 100vw, 800px\" \/><\/figure><\/li><\/ul><\/figure>\n\n\n\n<p style=\"color:#000ba3\" class=\"has-text-color\">Nous avons pu pr\u00e9senter les travaux et les efforts fournis par les adh\u00e9rents et les b\u00e9n\u00e9voles \u00e0 rendre ce lieu plus propice au d\u00e9veloppement de la biodiversit\u00e9.<\/p>\n\n\n\n<figure class=\"wp-block-gallery aligncenter columns-3 is-cropped wp-block-gallery-2 is-layout-flex wp-block-gallery-is-layout-flex\"><ul class=\"blocks-gallery-grid\"><li class=\"blocks-gallery-item\"><figure><img loading=\"lazy\" decoding=\"async\" width=\"800\" height=\"600\" src=\"https:\/\/www.asso-torcol.fr\/wp-content\/uploads\/2019\/07\/1-4.jpg\" alt=\"\" data-id=\"2500\" data-link=\"https:\/\/www.asso-torcol.fr\/?attachment_id=2500\" class=\"wp-image-2500\" srcset=\"https:\/\/www.asso-torcol.fr\/wp-content\/uploads\/2019\/07\/1-4.jpg 800w, https:\/\/www.asso-torcol.fr\/wp-content\/uploads\/2019\/07\/1-4-768x576.jpg 768w\" sizes=\"auto, (max-width: 800px) 100vw, 800px\" \/><\/figure><\/li><li class=\"blocks-gallery-item\"><figure><img loading=\"lazy\" decoding=\"async\" width=\"800\" height=\"600\" src=\"https:\/\/www.asso-torcol.fr\/wp-content\/uploads\/2019\/07\/1-5.jpg\" alt=\"\" data-id=\"2501\" data-link=\"https:\/\/www.asso-torcol.fr\/?attachment_id=2501\" class=\"wp-image-2501\" srcset=\"https:\/\/www.asso-torcol.fr\/wp-content\/uploads\/2019\/07\/1-5.jpg 800w, https:\/\/www.asso-torcol.fr\/wp-content\/uploads\/2019\/07\/1-5-768x576.jpg 768w\" sizes=\"auto, (max-width: 800px) 100vw, 800px\" \/><\/figure><\/li><li class=\"blocks-gallery-item\"><figure><img loading=\"lazy\" decoding=\"async\" width=\"800\" height=\"600\" src=\"https:\/\/www.asso-torcol.fr\/wp-content\/uploads\/2019\/07\/1-6.jpg\" alt=\"\" data-id=\"2502\" data-link=\"https:\/\/www.asso-torcol.fr\/?attachment_id=2502\" class=\"wp-image-2502\" srcset=\"https:\/\/www.asso-torcol.fr\/wp-content\/uploads\/2019\/07\/1-6.jpg 800w, https:\/\/www.asso-torcol.fr\/wp-content\/uploads\/2019\/07\/1-6-768x576.jpg 768w\" sizes=\"auto, (max-width: 800px) 100vw, 800px\" \/><\/figure><\/li><\/ul><\/figure>\n\n\n\n<p style=\"color:#000ba3\" class=\"has-text-color\">Une ballade sur le site  a \u00e9t\u00e9 mise en place afin de faire d\u00e9couvrir \u00e0 nos visiteurs notre mare, nos vergers, nos observatoires &#8230; Ceux-ci  ont pu \u00e9galement admirer quelques clich\u00e9s photographiques qui repr\u00e9sentaient la nature et sa biodiversit\u00e9. <\/p>\n\n\n\n<h2 class=\"has-text-color has-text-align-center wp-block-heading\" style=\"color:#000ba3\">Pr\u00e9sentation des gros travaux aux Bergivaux<\/h2>\n\n\n\n<div class=\"wp-block-image\"><figure class=\"aligncenter is-resized\"><img loading=\"lazy\" decoding=\"async\" src=\"https:\/\/www.asso-torcol.fr\/wp-content\/uploads\/2019\/07\/2-1.jpg\" alt=\"\" class=\"wp-image-2503\" width=\"453\" height=\"603\"\/><\/figure><\/div>\n\n\n\n<figure class=\"wp-block-gallery aligncenter columns-3 is-cropped wp-block-gallery-3 is-layout-flex wp-block-gallery-is-layout-flex\"><ul class=\"blocks-gallery-grid\"><li class=\"blocks-gallery-item\"><figure><img loading=\"lazy\" decoding=\"async\" width=\"800\" height=\"600\" src=\"https:\/\/www.asso-torcol.fr\/wp-content\/uploads\/2019\/07\/2-3.jpg\" alt=\"\" data-id=\"2509\" data-link=\"https:\/\/www.asso-torcol.fr\/index.php\/2019\/07\/12\/inauguration-du-site-des-bergivaux\/2-3\/\" class=\"wp-image-2509\" srcset=\"https:\/\/www.asso-torcol.fr\/wp-content\/uploads\/2019\/07\/2-3.jpg 800w, https:\/\/www.asso-torcol.fr\/wp-content\/uploads\/2019\/07\/2-3-768x576.jpg 768w\" sizes=\"auto, (max-width: 800px) 100vw, 800px\" \/><\/figure><\/li><li class=\"blocks-gallery-item\"><figure><img decoding=\"async\" src=\"https:\/\/www.asso-torcol.fr\/wp-content\/uploads\/2019\/07\/2-2.jpg\" alt=\"\" data-id=\"2508\" data-link=\"https:\/\/www.asso-torcol.fr\/index.php\/2019\/07\/12\/inauguration-du-site-des-bergivaux\/2-2\/\" class=\"wp-image-2508\"\/><\/figure><\/li><li class=\"blocks-gallery-item\"><figure><img loading=\"lazy\" decoding=\"async\" width=\"800\" height=\"600\" src=\"https:\/\/www.asso-torcol.fr\/wp-content\/uploads\/2019\/07\/2-4.jpg\" alt=\"\" data-id=\"2510\" data-link=\"https:\/\/www.asso-torcol.fr\/index.php\/2019\/07\/12\/inauguration-du-site-des-bergivaux\/2-4\/\" class=\"wp-image-2510\" srcset=\"https:\/\/www.asso-torcol.fr\/wp-content\/uploads\/2019\/07\/2-4.jpg 800w, https:\/\/www.asso-torcol.fr\/wp-content\/uploads\/2019\/07\/2-4-768x576.jpg 768w\" sizes=\"auto, (max-width: 800px) 100vw, 800px\" \/><\/figure><\/li><\/ul><\/figure>\n\n\n\n<h2 class=\"has-text-color has-text-align-center wp-block-heading\" style=\"color:#000ba3\">Pr\u00e9sentation des inventaires naturalistes<\/h2>\n\n\n\n<div class=\"wp-block-image\"><figure class=\"aligncenter is-resized\"><img loading=\"lazy\" decoding=\"async\" src=\"https:\/\/www.asso-torcol.fr\/wp-content\/uploads\/2019\/07\/3-1.jpg\" alt=\"\" class=\"wp-image-2511\" width=\"468\" height=\"623\"\/><\/figure><\/div>\n\n\n\n<figure class=\"wp-block-gallery aligncenter columns-3 is-cropped wp-block-gallery-4 is-layout-flex wp-block-gallery-is-layout-flex\"><ul class=\"blocks-gallery-grid\"><li class=\"blocks-gallery-item\"><figure><img loading=\"lazy\" decoding=\"async\" width=\"800\" height=\"600\" src=\"https:\/\/www.asso-torcol.fr\/wp-content\/uploads\/2019\/07\/3-2.jpg\" alt=\"\" data-id=\"2512\" data-link=\"https:\/\/www.asso-torcol.fr\/index.php\/2019\/07\/12\/inauguration-du-site-des-bergivaux\/3-2\/\" class=\"wp-image-2512\" srcset=\"https:\/\/www.asso-torcol.fr\/wp-content\/uploads\/2019\/07\/3-2.jpg 800w, https:\/\/www.asso-torcol.fr\/wp-content\/uploads\/2019\/07\/3-2-768x576.jpg 768w\" sizes=\"auto, (max-width: 800px) 100vw, 800px\" \/><\/figure><\/li><li class=\"blocks-gallery-item\"><figure><img loading=\"lazy\" decoding=\"async\" width=\"800\" height=\"600\" src=\"https:\/\/www.asso-torcol.fr\/wp-content\/uploads\/2019\/07\/3-3.jpg\" alt=\"\" data-id=\"2513\" data-link=\"https:\/\/www.asso-torcol.fr\/index.php\/2019\/07\/12\/inauguration-du-site-des-bergivaux\/3-3\/\" class=\"wp-image-2513\" srcset=\"https:\/\/www.asso-torcol.fr\/wp-content\/uploads\/2019\/07\/3-3.jpg 800w, https:\/\/www.asso-torcol.fr\/wp-content\/uploads\/2019\/07\/3-3-768x576.jpg 768w\" sizes=\"auto, (max-width: 800px) 100vw, 800px\" \/><\/figure><\/li><li class=\"blocks-gallery-item\"><figure><img loading=\"lazy\" decoding=\"async\" width=\"800\" height=\"600\" src=\"https:\/\/www.asso-torcol.fr\/wp-content\/uploads\/2019\/07\/3-4.jpg\" alt=\"\" data-id=\"2514\" data-link=\"https:\/\/www.asso-torcol.fr\/index.php\/2019\/07\/12\/inauguration-du-site-des-bergivaux\/3-4\/\" class=\"wp-image-2514\" srcset=\"https:\/\/www.asso-torcol.fr\/wp-content\/uploads\/2019\/07\/3-4.jpg 800w, https:\/\/www.asso-torcol.fr\/wp-content\/uploads\/2019\/07\/3-4-768x576.jpg 768w\" sizes=\"auto, (max-width: 800px) 100vw, 800px\" \/><\/figure><\/li><\/ul><\/figure>\n\n\n\n<h2 class=\"has-text-color has-text-align-center wp-block-heading\" style=\"color:#000ba3\">Pr\u00e9sentation des installations  des Bergivaux<\/h2>\n\n\n\n<div class=\"wp-block-image\"><figure class=\"aligncenter is-resized\"><img loading=\"lazy\" decoding=\"async\" src=\"https:\/\/www.asso-torcol.fr\/wp-content\/uploads\/2019\/07\/5-0.jpg\" alt=\"\" class=\"wp-image-2515\" width=\"579\" height=\"434\" srcset=\"https:\/\/www.asso-torcol.fr\/wp-content\/uploads\/2019\/07\/5-0.jpg 800w, https:\/\/www.asso-torcol.fr\/wp-content\/uploads\/2019\/07\/5-0-768x576.jpg 768w\" sizes=\"auto, (max-width: 579px) 100vw, 579px\" \/><\/figure><\/div>\n\n\n\n<figure class=\"wp-block-gallery aligncenter columns-3 is-cropped wp-block-gallery-5 is-layout-flex wp-block-gallery-is-layout-flex\"><ul class=\"blocks-gallery-grid\"><li class=\"blocks-gallery-item\"><figure><img loading=\"lazy\" decoding=\"async\" width=\"800\" height=\"600\" src=\"https:\/\/www.asso-torcol.fr\/wp-content\/uploads\/2019\/07\/5-1.jpg\" alt=\"\" data-id=\"2516\" data-link=\"https:\/\/www.asso-torcol.fr\/?attachment_id=2516\" class=\"wp-image-2516\" srcset=\"https:\/\/www.asso-torcol.fr\/wp-content\/uploads\/2019\/07\/5-1.jpg 800w, https:\/\/www.asso-torcol.fr\/wp-content\/uploads\/2019\/07\/5-1-768x576.jpg 768w\" sizes=\"auto, (max-width: 800px) 100vw, 800px\" \/><\/figure><\/li><li class=\"blocks-gallery-item\"><figure><img loading=\"lazy\" decoding=\"async\" width=\"800\" height=\"600\" src=\"https:\/\/www.asso-torcol.fr\/wp-content\/uploads\/2019\/07\/5-5.jpg\" alt=\"\" data-id=\"2517\" data-link=\"https:\/\/www.asso-torcol.fr\/?attachment_id=2517\" class=\"wp-image-2517\" srcset=\"https:\/\/www.asso-torcol.fr\/wp-content\/uploads\/2019\/07\/5-5.jpg 800w, https:\/\/www.asso-torcol.fr\/wp-content\/uploads\/2019\/07\/5-5-768x576.jpg 768w\" sizes=\"auto, (max-width: 800px) 100vw, 800px\" \/><\/figure><\/li><li class=\"blocks-gallery-item\"><figure><img loading=\"lazy\" decoding=\"async\" width=\"800\" height=\"600\" src=\"https:\/\/www.asso-torcol.fr\/wp-content\/uploads\/2019\/07\/5-6.jpg\" alt=\"\" data-id=\"2518\" data-link=\"https:\/\/www.asso-torcol.fr\/?attachment_id=2518\" class=\"wp-image-2518\" srcset=\"https:\/\/www.asso-torcol.fr\/wp-content\/uploads\/2019\/07\/5-6.jpg 800w, https:\/\/www.asso-torcol.fr\/wp-content\/uploads\/2019\/07\/5-6-768x576.jpg 768w\" sizes=\"auto, (max-width: 800px) 100vw, 800px\" \/><\/figure><\/li><li class=\"blocks-gallery-item\"><figure><img loading=\"lazy\" decoding=\"async\" width=\"800\" height=\"600\" src=\"https:\/\/www.asso-torcol.fr\/wp-content\/uploads\/2019\/07\/5-7.jpg\" alt=\"\" data-id=\"2519\" data-link=\"https:\/\/www.asso-torcol.fr\/?attachment_id=2519\" class=\"wp-image-2519\" srcset=\"https:\/\/www.asso-torcol.fr\/wp-content\/uploads\/2019\/07\/5-7.jpg 800w, https:\/\/www.asso-torcol.fr\/wp-content\/uploads\/2019\/07\/5-7-768x576.jpg 768w\" sizes=\"auto, (max-width: 800px) 100vw, 800px\" \/><\/figure><\/li><li class=\"blocks-gallery-item\"><figure><img loading=\"lazy\" decoding=\"async\" width=\"800\" height=\"600\" src=\"https:\/\/www.asso-torcol.fr\/wp-content\/uploads\/2019\/07\/5-9.jpg\" alt=\"\" data-id=\"2520\" data-link=\"https:\/\/www.asso-torcol.fr\/?attachment_id=2520\" class=\"wp-image-2520\" srcset=\"https:\/\/www.asso-torcol.fr\/wp-content\/uploads\/2019\/07\/5-9.jpg 800w, https:\/\/www.asso-torcol.fr\/wp-content\/uploads\/2019\/07\/5-9-768x576.jpg 768w\" sizes=\"auto, (max-width: 800px) 100vw, 800px\" \/><\/figure><\/li><li class=\"blocks-gallery-item\"><figure><img loading=\"lazy\" decoding=\"async\" width=\"800\" height=\"600\" src=\"https:\/\/www.asso-torcol.fr\/wp-content\/uploads\/2019\/07\/5-10.jpg\" alt=\"\" data-id=\"2521\" data-link=\"https:\/\/www.asso-torcol.fr\/?attachment_id=2521\" class=\"wp-image-2521\" srcset=\"https:\/\/www.asso-torcol.fr\/wp-content\/uploads\/2019\/07\/5-10.jpg 800w, https:\/\/www.asso-torcol.fr\/wp-content\/uploads\/2019\/07\/5-10-768x576.jpg 768w\" sizes=\"auto, (max-width: 800px) 100vw, 800px\" \/><\/figure><\/li><li class=\"blocks-gallery-item\"><figure><img loading=\"lazy\" decoding=\"async\" width=\"800\" height=\"600\" src=\"https:\/\/www.asso-torcol.fr\/wp-content\/uploads\/2019\/07\/5-11.jpg\" alt=\"\" data-id=\"2522\" data-link=\"https:\/\/www.asso-torcol.fr\/?attachment_id=2522\" class=\"wp-image-2522\" srcset=\"https:\/\/www.asso-torcol.fr\/wp-content\/uploads\/2019\/07\/5-11.jpg 800w, https:\/\/www.asso-torcol.fr\/wp-content\/uploads\/2019\/07\/5-11-768x576.jpg 768w\" sizes=\"auto, (max-width: 800px) 100vw, 800px\" \/><\/figure><\/li><li class=\"blocks-gallery-item\"><figure><img loading=\"lazy\" decoding=\"async\" width=\"800\" height=\"600\" src=\"https:\/\/www.asso-torcol.fr\/wp-content\/uploads\/2019\/07\/5-12.jpg\" alt=\"\" data-id=\"2523\" data-link=\"https:\/\/www.asso-torcol.fr\/?attachment_id=2523\" class=\"wp-image-2523\" srcset=\"https:\/\/www.asso-torcol.fr\/wp-content\/uploads\/2019\/07\/5-12.jpg 800w, https:\/\/www.asso-torcol.fr\/wp-content\/uploads\/2019\/07\/5-12-768x576.jpg 768w\" sizes=\"auto, (max-width: 800px) 100vw, 800px\" \/><\/figure><\/li><li class=\"blocks-gallery-item\"><figure><img loading=\"lazy\" decoding=\"async\" width=\"800\" height=\"600\" src=\"https:\/\/www.asso-torcol.fr\/wp-content\/uploads\/2019\/07\/5-13.jpg\" alt=\"\" data-id=\"2524\" data-link=\"https:\/\/www.asso-torcol.fr\/?attachment_id=2524\" class=\"wp-image-2524\" srcset=\"https:\/\/www.asso-torcol.fr\/wp-content\/uploads\/2019\/07\/5-13.jpg 800w, https:\/\/www.asso-torcol.fr\/wp-content\/uploads\/2019\/07\/5-13-768x576.jpg 768w\" sizes=\"auto, (max-width: 800px) 100vw, 800px\" \/><\/figure><\/li><li class=\"blocks-gallery-item\"><figure><img loading=\"lazy\" decoding=\"async\" width=\"800\" height=\"600\" src=\"https:\/\/www.asso-torcol.fr\/wp-content\/uploads\/2019\/07\/IMG_8881.jpg\" alt=\"\" data-id=\"2525\" data-link=\"https:\/\/www.asso-torcol.fr\/?attachment_id=2525\" class=\"wp-image-2525\" srcset=\"https:\/\/www.asso-torcol.fr\/wp-content\/uploads\/2019\/07\/IMG_8881.jpg 800w, https:\/\/www.asso-torcol.fr\/wp-content\/uploads\/2019\/07\/IMG_8881-768x576.jpg 768w\" sizes=\"auto, (max-width: 800px) 100vw, 800px\" \/><\/figure><\/li><li class=\"blocks-gallery-item\"><figure><img loading=\"lazy\" decoding=\"async\" width=\"800\" height=\"600\" src=\"https:\/\/www.asso-torcol.fr\/wp-content\/uploads\/2019\/07\/IMG_8882.jpg\" alt=\"\" data-id=\"2526\" data-link=\"https:\/\/www.asso-torcol.fr\/?attachment_id=2526\" class=\"wp-image-2526\" srcset=\"https:\/\/www.asso-torcol.fr\/wp-content\/uploads\/2019\/07\/IMG_8882.jpg 800w, https:\/\/www.asso-torcol.fr\/wp-content\/uploads\/2019\/07\/IMG_8882-768x576.jpg 768w\" sizes=\"auto, (max-width: 800px) 100vw, 800px\" \/><\/figure><\/li><li class=\"blocks-gallery-item\"><figure><img loading=\"lazy\" decoding=\"async\" width=\"800\" height=\"600\" src=\"https:\/\/www.asso-torcol.fr\/wp-content\/uploads\/2019\/07\/IMG_8883.jpg\" alt=\"\" data-id=\"2527\" data-link=\"https:\/\/www.asso-torcol.fr\/?attachment_id=2527\" class=\"wp-image-2527\" srcset=\"https:\/\/www.asso-torcol.fr\/wp-content\/uploads\/2019\/07\/IMG_8883.jpg 800w, https:\/\/www.asso-torcol.fr\/wp-content\/uploads\/2019\/07\/IMG_8883-768x576.jpg 768w\" sizes=\"auto, (max-width: 800px) 100vw, 800px\" \/><\/figure><\/li><li class=\"blocks-gallery-item\"><figure><img loading=\"lazy\" decoding=\"async\" width=\"800\" height=\"600\" src=\"https:\/\/www.asso-torcol.fr\/wp-content\/uploads\/2019\/07\/IMG_8887.jpg\" alt=\"\" data-id=\"2528\" data-link=\"https:\/\/www.asso-torcol.fr\/?attachment_id=2528\" class=\"wp-image-2528\" srcset=\"https:\/\/www.asso-torcol.fr\/wp-content\/uploads\/2019\/07\/IMG_8887.jpg 800w, https:\/\/www.asso-torcol.fr\/wp-content\/uploads\/2019\/07\/IMG_8887-768x576.jpg 768w\" sizes=\"auto, (max-width: 800px) 100vw, 800px\" \/><\/figure><\/li><li class=\"blocks-gallery-item\"><figure><img loading=\"lazy\" decoding=\"async\" width=\"800\" height=\"600\" src=\"https:\/\/www.asso-torcol.fr\/wp-content\/uploads\/2019\/07\/IMG_8911.jpg\" alt=\"\" data-id=\"2529\" data-link=\"https:\/\/www.asso-torcol.fr\/?attachment_id=2529\" class=\"wp-image-2529\" srcset=\"https:\/\/www.asso-torcol.fr\/wp-content\/uploads\/2019\/07\/IMG_8911.jpg 800w, https:\/\/www.asso-torcol.fr\/wp-content\/uploads\/2019\/07\/IMG_8911-768x576.jpg 768w\" sizes=\"auto, (max-width: 800px) 100vw, 800px\" \/><\/figure><\/li><li class=\"blocks-gallery-item\"><figure><img loading=\"lazy\" decoding=\"async\" width=\"800\" height=\"600\" src=\"https:\/\/www.asso-torcol.fr\/wp-content\/uploads\/2019\/07\/IMG_8924.jpg\" alt=\"\" data-id=\"2530\" data-link=\"https:\/\/www.asso-torcol.fr\/?attachment_id=2530\" class=\"wp-image-2530\" srcset=\"https:\/\/www.asso-torcol.fr\/wp-content\/uploads\/2019\/07\/IMG_8924.jpg 800w, https:\/\/www.asso-torcol.fr\/wp-content\/uploads\/2019\/07\/IMG_8924-768x576.jpg 768w\" sizes=\"auto, (max-width: 800px) 100vw, 800px\" \/><\/figure><\/li><\/ul><\/figure>\n\n\n\n<h2 class=\"has-text-color has-text-align-center wp-block-heading\" style=\"color:#000ba3\"><strong> <br><\/strong> Signature d&rsquo;une convention avec le Maire d&rsquo;Ancy-Dornot. <\/h2>\n\n\n\n<figure class=\"wp-block-gallery aligncenter columns-3 is-cropped wp-block-gallery-6 is-layout-flex wp-block-gallery-is-layout-flex\"><ul class=\"blocks-gallery-grid\"><li class=\"blocks-gallery-item\"><figure><img loading=\"lazy\" decoding=\"async\" width=\"800\" height=\"600\" src=\"https:\/\/www.asso-torcol.fr\/wp-content\/uploads\/2019\/07\/IMG_8939.jpg\" alt=\"\" data-id=\"2507\" data-link=\"https:\/\/www.asso-torcol.fr\/?attachment_id=2507\" class=\"wp-image-2507\" srcset=\"https:\/\/www.asso-torcol.fr\/wp-content\/uploads\/2019\/07\/IMG_8939.jpg 800w, https:\/\/www.asso-torcol.fr\/wp-content\/uploads\/2019\/07\/IMG_8939-768x576.jpg 768w\" sizes=\"auto, (max-width: 800px) 100vw, 800px\" \/><\/figure><\/li><li class=\"blocks-gallery-item\"><figure><img loading=\"lazy\" decoding=\"async\" width=\"800\" height=\"600\" src=\"https:\/\/www.asso-torcol.fr\/wp-content\/uploads\/2019\/07\/IMG_8931.jpg\" alt=\"\" data-id=\"2504\" data-link=\"https:\/\/www.asso-torcol.fr\/?attachment_id=2504\" class=\"wp-image-2504\" srcset=\"https:\/\/www.asso-torcol.fr\/wp-content\/uploads\/2019\/07\/IMG_8931.jpg 800w, https:\/\/www.asso-torcol.fr\/wp-content\/uploads\/2019\/07\/IMG_8931-768x576.jpg 768w\" sizes=\"auto, (max-width: 800px) 100vw, 800px\" \/><\/figure><\/li><li class=\"blocks-gallery-item\"><figure><img loading=\"lazy\" decoding=\"async\" width=\"800\" height=\"600\" src=\"https:\/\/www.asso-torcol.fr\/wp-content\/uploads\/2019\/07\/IMG_8936.jpg\" alt=\"\" data-id=\"2505\" data-link=\"https:\/\/www.asso-torcol.fr\/?attachment_id=2505\" class=\"wp-image-2505\" srcset=\"https:\/\/www.asso-torcol.fr\/wp-content\/uploads\/2019\/07\/IMG_8936.jpg 800w, https:\/\/www.asso-torcol.fr\/wp-content\/uploads\/2019\/07\/IMG_8936-768x576.jpg 768w\" sizes=\"auto, (max-width: 800px) 100vw, 800px\" \/><\/figure><\/li><\/ul><\/figure>\n\n\n\n<p class=\"has-text-color has-very-dark-gray-color\">La matin\u00e9e c&rsquo;est termin\u00e9e par un pot de l&rsquo;amiti\u00e9<\/p>\n\n\n\n<figure class=\"wp-block-gallery aligncenter columns-3 is-cropped wp-block-gallery-7 is-layout-flex wp-block-gallery-is-layout-flex\"><ul class=\"blocks-gallery-grid\"><li class=\"blocks-gallery-item\"><figure><img loading=\"lazy\" decoding=\"async\" width=\"800\" height=\"600\" src=\"https:\/\/www.asso-torcol.fr\/wp-content\/uploads\/2019\/07\/IMG_8940.jpg\" alt=\"\" data-id=\"2531\" data-link=\"https:\/\/www.asso-torcol.fr\/?attachment_id=2531\" class=\"wp-image-2531\" srcset=\"https:\/\/www.asso-torcol.fr\/wp-content\/uploads\/2019\/07\/IMG_8940.jpg 800w, https:\/\/www.asso-torcol.fr\/wp-content\/uploads\/2019\/07\/IMG_8940-768x576.jpg 768w\" sizes=\"auto, (max-width: 800px) 100vw, 800px\" \/><\/figure><\/li><li class=\"blocks-gallery-item\"><figure><img loading=\"lazy\" decoding=\"async\" width=\"800\" height=\"600\" src=\"https:\/\/www.asso-torcol.fr\/wp-content\/uploads\/2019\/07\/IMG_8943.jpg\" alt=\"\" data-id=\"2532\" data-link=\"https:\/\/www.asso-torcol.fr\/?attachment_id=2532\" class=\"wp-image-2532\" srcset=\"https:\/\/www.asso-torcol.fr\/wp-content\/uploads\/2019\/07\/IMG_8943.jpg 800w, https:\/\/www.asso-torcol.fr\/wp-content\/uploads\/2019\/07\/IMG_8943-768x576.jpg 768w\" sizes=\"auto, (max-width: 800px) 100vw, 800px\" \/><\/figure><\/li><li class=\"blocks-gallery-item\"><figure><img loading=\"lazy\" decoding=\"async\" width=\"800\" height=\"600\" src=\"https:\/\/www.asso-torcol.fr\/wp-content\/uploads\/2019\/07\/IMG_8942.jpg\" alt=\"\" data-id=\"2534\" data-link=\"https:\/\/www.asso-torcol.fr\/?attachment_id=2534\" class=\"wp-image-2534\" srcset=\"https:\/\/www.asso-torcol.fr\/wp-content\/uploads\/2019\/07\/IMG_8942.jpg 800w, https:\/\/www.asso-torcol.fr\/wp-content\/uploads\/2019\/07\/IMG_8942-768x576.jpg 768w\" sizes=\"auto, (max-width: 800px) 100vw, 800px\" \/><\/figure><\/li><\/ul><\/figure>\n\n\n\n<div class=\"wp-block-image\"><figure class=\"aligncenter is-resized\"><img loading=\"lazy\" decoding=\"async\" src=\"https:\/\/www.asso-torcol.fr\/wp-content\/uploads\/2019\/07\/IMG_8944.jpg\" alt=\"\" class=\"wp-image-2535\" width=\"554\" height=\"416\" srcset=\"https:\/\/www.asso-torcol.fr\/wp-content\/uploads\/2019\/07\/IMG_8944.jpg 800w, https:\/\/www.asso-torcol.fr\/wp-content\/uploads\/2019\/07\/IMG_8944-768x576.jpg 768w\" sizes=\"auto, (max-width: 554px) 100vw, 554px\" \/><\/figure><\/div>\n\n\n\n<p style=\"color:#000ba3\" class=\"has-text-color has-medium-font-size\">Nous esp\u00e9rons pouvoir continuer et am\u00e9liorer ce beau projet et en commencer d&rsquo;autres.  <\/p>\n\n\n\n<p style=\"color:#000ba3\" class=\"has-text-color\"> <strong>Texte et photos : Closset Brigitte<\/strong> <\/p>\n","protected":false},"excerpt":{"rendered":"<p>Le vendredi 23 juin 2019 Ce jour-l\u00e0, le maire d&rsquo;Ancy-Dornot M. Gilles SOULIER, le conseiller d\u00e9partemental de la Moselle M. Jean FRAN\u00c7OIS, le s\u00e9nateur de la Moselle M. Fran\u00e7ois GROSDIDIER, le pr\u00e9sident de la&#46;&#46;&#46;<\/p>\n","protected":false},"author":1,"featured_media":2503,"comment_status":"closed","ping_status":"closed","sticky":false,"template":"","format":"standard","meta":{"footnotes":""},"categories":[70,45],"tags":[],"class_list":["post-2491","post","type-post","status-publish","format-standard","has-post-thumbnail","hentry","category-vergers","category-protection-2"],"_links":{"self":[{"href":"https:\/\/www.asso-torcol.fr\/index.php\/wp-json\/wp\/v2\/posts\/2491","targetHints":{"allow":["GET"]}}],"collection":[{"href":"https:\/\/www.asso-torcol.fr\/index.php\/wp-json\/wp\/v2\/posts"}],"about":[{"href":"https:\/\/www.asso-torcol.fr\/index.php\/wp-json\/wp\/v2\/types\/post"}],"author":[{"embeddable":true,"href":"https:\/\/www.asso-torcol.fr\/index.php\/wp-json\/wp\/v2\/users\/1"}],"replies":[{"embeddable":true,"href":"https:\/\/www.asso-torcol.fr\/index.php\/wp-json\/wp\/v2\/comments?post=2491"}],"version-history":[{"count":34,"href":"https:\/\/www.asso-torcol.fr\/index.php\/wp-json\/wp\/v2\/posts\/2491\/revisions"}],"predecessor-version":[{"id":6354,"href":"https:\/\/www.asso-torcol.fr\/index.php\/wp-json\/wp\/v2\/posts\/2491\/revisions\/6354"}],"wp:featuredmedia":[{"embeddable":true,"href":"https:\/\/www.asso-torcol.fr\/index.php\/wp-json\/wp\/v2\/media\/2503"}],"wp:attachment":[{"href":"https:\/\/www.asso-torcol.fr\/index.php\/wp-json\/wp\/v2\/media?parent=2491"}],"wp:term":[{"taxonomy":"category","embeddable":true,"href":"https:\/\/www.asso-torcol.fr\/index.php\/wp-json\/wp\/v2\/categories?post=2491"},{"taxonomy":"post_tag","embeddable":true,"href":"https:\/\/www.asso-torcol.fr\/index.php\/wp-json\/wp\/v2\/tags?post=2491"}],"curies":[{"name":"wp","href":"https:\/\/api.w.org\/{rel}","templated":true}]}}