{"id":1808,"date":"2019-03-23T20:50:20","date_gmt":"2019-03-23T19:50:20","guid":{"rendered":"https:\/\/www.asso-torcol.fr\/?p=1808"},"modified":"2020-05-03T15:44:29","modified_gmt":"2020-05-03T13:44:29","slug":"les-bergivaux","status":"publish","type":"post","link":"https:\/\/www.asso-torcol.fr\/index.php\/2019\/03\/23\/les-bergivaux\/","title":{"rendered":"Les chantiers"},"content":{"rendered":"\n<h3 class=\"wp-block-heading\"><strong>Restauration, am\u00e9nagement et entretien des espaces favorables au d\u00e9veloppement de la biodiversit\u00e9<\/strong><\/h3>\n\n\n\n<p>La r\u00e9habilitation des vergers constitue la principale activit\u00e9. \u00c0 ce jour, environ deux hectares sont am\u00e9nag\u00e9s et entretenus.<\/p>\n\n\n\n<figure class=\"wp-block-gallery alignfull columns-2 is-cropped wp-block-gallery-1 is-layout-flex wp-block-gallery-is-layout-flex\"><ul class=\"blocks-gallery-grid\"><li class=\"blocks-gallery-item\"><figure><img loading=\"lazy\" decoding=\"async\" width=\"800\" height=\"600\" src=\"https:\/\/www.asso-torcol.fr\/wp-content\/uploads\/2019\/03\/IMG_2370.jpg\" alt=\"\" data-id=\"1809\" data-link=\"https:\/\/www.asso-torcol.fr\/?attachment_id=1809\" class=\"wp-image-1809\" srcset=\"https:\/\/www.asso-torcol.fr\/wp-content\/uploads\/2019\/03\/IMG_2370.jpg 800w, https:\/\/www.asso-torcol.fr\/wp-content\/uploads\/2019\/03\/IMG_2370-768x576.jpg 768w\" sizes=\"auto, (max-width: 800px) 100vw, 800px\" \/><\/figure><\/li><li class=\"blocks-gallery-item\"><figure><img loading=\"lazy\" decoding=\"async\" width=\"800\" height=\"600\" src=\"https:\/\/www.asso-torcol.fr\/wp-content\/uploads\/2019\/03\/IMG_2303.jpg\" alt=\"\" data-id=\"1813\" data-link=\"https:\/\/www.asso-torcol.fr\/?attachment_id=1813\" class=\"wp-image-1813\" srcset=\"https:\/\/www.asso-torcol.fr\/wp-content\/uploads\/2019\/03\/IMG_2303.jpg 800w, https:\/\/www.asso-torcol.fr\/wp-content\/uploads\/2019\/03\/IMG_2303-768x576.jpg 768w\" sizes=\"auto, (max-width: 800px) 100vw, 800px\" \/><\/figure><\/li><\/ul><\/figure>\n\n\n\n<p>Dans le cadre du maintien de la biodiversit\u00e9, Torcol proc\u00e8de \u00e0 la plantation de haies, de prairies fleuries, \u00e0 l\u2019installation de ruches et h\u00f4tels \u00e0 insectes ainsi qu\u2019\u00e0 la cr\u00e9ation de mares.<br><\/p>\n\n\n\n<figure class=\"wp-block-gallery alignfull columns-2 is-cropped wp-block-gallery-2 is-layout-flex wp-block-gallery-is-layout-flex\"><ul class=\"blocks-gallery-grid\"><li class=\"blocks-gallery-item\"><figure><img loading=\"lazy\" decoding=\"async\" width=\"800\" height=\"600\" src=\"https:\/\/www.asso-torcol.fr\/wp-content\/uploads\/2019\/03\/11-1.jpg\" alt=\"\" data-id=\"1810\" data-link=\"https:\/\/www.asso-torcol.fr\/?attachment_id=1810\" class=\"wp-image-1810\" srcset=\"https:\/\/www.asso-torcol.fr\/wp-content\/uploads\/2019\/03\/11-1.jpg 800w, https:\/\/www.asso-torcol.fr\/wp-content\/uploads\/2019\/03\/11-1-768x576.jpg 768w\" sizes=\"auto, (max-width: 800px) 100vw, 800px\" \/><\/figure><\/li><li class=\"blocks-gallery-item\"><figure><img loading=\"lazy\" decoding=\"async\" width=\"800\" height=\"600\" src=\"https:\/\/www.asso-torcol.fr\/wp-content\/uploads\/2019\/03\/11-2.jpg\" alt=\"\" data-id=\"1811\" data-link=\"https:\/\/www.asso-torcol.fr\/?attachment_id=1811\" class=\"wp-image-1811\" srcset=\"https:\/\/www.asso-torcol.fr\/wp-content\/uploads\/2019\/03\/11-2.jpg 800w, https:\/\/www.asso-torcol.fr\/wp-content\/uploads\/2019\/03\/11-2-768x576.jpg 768w\" sizes=\"auto, (max-width: 800px) 100vw, 800px\" \/><\/figure><\/li><\/ul><\/figure>\n","protected":false},"excerpt":{"rendered":"<p>Restauration, am\u00e9nagement et entretien des espaces favorables au d\u00e9veloppement de la biodiversit\u00e9 La r\u00e9habilitation des vergers constitue la principale activit\u00e9. \u00c0 ce jour, environ deux hectares sont am\u00e9nag\u00e9s et entretenus. Dans le cadre du&#46;&#46;&#46;<\/p>\n","protected":false},"author":1,"featured_media":1810,"comment_status":"closed","ping_status":"closed","sticky":false,"template":"","format":"standard","meta":{"footnotes":""},"categories":[6,70,45],"tags":[],"class_list":["post-1808","post","type-post","status-publish","format-standard","has-post-thumbnail","hentry","category-autres-actions","category-vergers","category-protection-2"],"_links":{"self":[{"href":"https:\/\/www.asso-torcol.fr\/index.php\/wp-json\/wp\/v2\/posts\/1808","targetHints":{"allow":["GET"]}}],"collection":[{"href":"https:\/\/www.asso-torcol.fr\/index.php\/wp-json\/wp\/v2\/posts"}],"about":[{"href":"https:\/\/www.asso-torcol.fr\/index.php\/wp-json\/wp\/v2\/types\/post"}],"author":[{"embeddable":true,"href":"https:\/\/www.asso-torcol.fr\/index.php\/wp-json\/wp\/v2\/users\/1"}],"replies":[{"embeddable":true,"href":"https:\/\/www.asso-torcol.fr\/index.php\/wp-json\/wp\/v2\/comments?post=1808"}],"version-history":[{"count":5,"href":"https:\/\/www.asso-torcol.fr\/index.php\/wp-json\/wp\/v2\/posts\/1808\/revisions"}],"predecessor-version":[{"id":5681,"href":"https:\/\/www.asso-torcol.fr\/index.php\/wp-json\/wp\/v2\/posts\/1808\/revisions\/5681"}],"wp:featuredmedia":[{"embeddable":true,"href":"https:\/\/www.asso-torcol.fr\/index.php\/wp-json\/wp\/v2\/media\/1810"}],"wp:attachment":[{"href":"https:\/\/www.asso-torcol.fr\/index.php\/wp-json\/wp\/v2\/media?parent=1808"}],"wp:term":[{"taxonomy":"category","embeddable":true,"href":"https:\/\/www.asso-torcol.fr\/index.php\/wp-json\/wp\/v2\/categories?post=1808"},{"taxonomy":"post_tag","embeddable":true,"href":"https:\/\/www.asso-torcol.fr\/index.php\/wp-json\/wp\/v2\/tags?post=1808"}],"curies":[{"name":"wp","href":"https:\/\/api.w.org\/{rel}","templated":true}]}}