{"id":1341,"date":"2014-08-23T19:18:53","date_gmt":"2014-08-23T17:18:53","guid":{"rendered":"https:\/\/www.asso-torcol.fr\/?p=1341"},"modified":"2019-03-13T14:42:08","modified_gmt":"2019-03-13T13:42:08","slug":"observation-des-etoiles-en-cote-de-meuse","status":"publish","type":"post","link":"https:\/\/www.asso-torcol.fr\/index.php\/2014\/08\/23\/observation-des-etoiles-en-cote-de-meuse\/","title":{"rendered":"Observation des \u00c9toiles"},"content":{"rendered":"\n<p>Observation des \u00c9toiles en C\u00f4te de Meuse<\/p>\n\n\n\n<p><strong>Torcol : la t\u00eate dans les \u00e9toiles<\/strong><\/p>\n\n\n\n<ul class=\"wp-block-gallery alignfull columns-1 is-cropped wp-block-gallery-1 is-layout-flex wp-block-gallery-is-layout-flex\"><li class=\"blocks-gallery-item\"><figure><img decoding=\"async\" src=\"https:\/\/www.asso-torcol.fr\/wp-content\/uploads\/2019\/03\/obsetoiles_05-2.jpg\" alt=\"\" data-id=\"1365\" class=\"wp-image-1365\"\/><\/figure><\/li><\/ul>\n\n\n\n<p>Une dizaine de membres de l&rsquo;association Torcol s&rsquo;est\nrendue \u00e0 l&rsquo;observatoire des c\u00f4tes de Meuse, situ\u00e9 \u00e0 Vieville-sous-les-c\u00f4tes.<\/p>\n\n\n\n<ul class=\"wp-block-gallery alignfull columns-2 is-cropped wp-block-gallery-2 is-layout-flex wp-block-gallery-is-layout-flex\"><li class=\"blocks-gallery-item\"><figure><img loading=\"lazy\" decoding=\"async\" width=\"800\" height=\"600\" src=\"https:\/\/www.asso-torcol.fr\/wp-content\/uploads\/2019\/03\/obsetoiles_01.jpg\" alt=\"\" data-id=\"1350\" data-link=\"https:\/\/www.asso-torcol.fr\/?attachment_id=1350\" class=\"wp-image-1350\" srcset=\"https:\/\/www.asso-torcol.fr\/wp-content\/uploads\/2019\/03\/obsetoiles_01.jpg 800w, https:\/\/www.asso-torcol.fr\/wp-content\/uploads\/2019\/03\/obsetoiles_01-768x576.jpg 768w\" sizes=\"auto, (max-width: 800px) 100vw, 800px\" \/><\/figure><\/li><li class=\"blocks-gallery-item\"><figure><img loading=\"lazy\" decoding=\"async\" width=\"800\" height=\"600\" src=\"https:\/\/www.asso-torcol.fr\/wp-content\/uploads\/2019\/03\/obsetoiles_02.jpg\" alt=\"\" data-id=\"1351\" data-link=\"https:\/\/www.asso-torcol.fr\/?attachment_id=1351\" class=\"wp-image-1351\" srcset=\"https:\/\/www.asso-torcol.fr\/wp-content\/uploads\/2019\/03\/obsetoiles_02.jpg 800w, https:\/\/www.asso-torcol.fr\/wp-content\/uploads\/2019\/03\/obsetoiles_02-768x576.jpg 768w\" sizes=\"auto, (max-width: 800px) 100vw, 800px\" \/><\/figure><\/li><\/ul>\n\n\n\n<p>Marc Kaschinski, propri\u00e9taire des lieux et passionn\u00e9\npar l&rsquo;astronomie depuis une trentaine d&rsquo;ann\u00e9es leur a fait d\u00e9couvrir la carte\ndu ciel.<\/p>\n\n\n\n<ul class=\"wp-block-gallery alignfull columns-2 is-cropped wp-block-gallery-3 is-layout-flex wp-block-gallery-is-layout-flex\"><li class=\"blocks-gallery-item\"><figure><img decoding=\"async\" src=\"https:\/\/www.asso-torcol.fr\/wp-content\/uploads\/2019\/03\/IMAG0213.jpg\" alt=\"\" data-id=\"1379\" data-link=\"https:\/\/www.asso-torcol.fr\/?attachment_id=1379\" class=\"wp-image-1379\"\/><\/figure><\/li><li class=\"blocks-gallery-item\"><figure><img decoding=\"async\" src=\"https:\/\/www.asso-torcol.fr\/wp-content\/uploads\/2019\/03\/IMAG0005-5.jpg\" alt=\"\" data-id=\"1386\" data-link=\"https:\/\/www.asso-torcol.fr\/?attachment_id=1386\" class=\"wp-image-1386\"\/><\/figure><\/li><\/ul>\n\n\n\n<p><a href=\"https:\/\/www.asso-torcol.fr\/Old\/images\/activites\/obsetoiles\/grandes\/obsetoiles_06.jpg\"><\/a><\/p>\n\n\n\n<p>Gr\u00e2ce \u00e0 l&rsquo;un des plus grands t\u00e9lescopes d&rsquo;Europe et\nmalgr\u00e9 un ciel partiellement nuageux, ils ont pu observer une n\u00e9buleuse, des\namas d&rsquo;\u00e9toiles et diverses constellations. Ils ont \u00e9galement aper\u00e7u quelques\n\u00e9toiles filantes.<\/p>\n\n\n\n<ul class=\"wp-block-gallery alignfull columns-2 is-cropped wp-block-gallery-4 is-layout-flex wp-block-gallery-is-layout-flex\"><li class=\"blocks-gallery-item\"><figure><img loading=\"lazy\" decoding=\"async\" width=\"600\" height=\"800\" src=\"https:\/\/www.asso-torcol.fr\/wp-content\/uploads\/2019\/03\/IMAG0229-1.jpg\" alt=\"\" data-id=\"1377\" data-link=\"https:\/\/www.asso-torcol.fr\/index.php\/2014\/08\/23\/observation-des-etoiles-en-cote-de-meuse\/imag0229-2\/\" class=\"wp-image-1377\"\/><\/figure><\/li><li class=\"blocks-gallery-item\"><figure><img loading=\"lazy\" decoding=\"async\" width=\"800\" height=\"600\" src=\"https:\/\/www.asso-torcol.fr\/wp-content\/uploads\/2019\/03\/obsetoiles_06.jpg\" alt=\"\" data-id=\"1360\" data-link=\"https:\/\/www.asso-torcol.fr\/index.php\/2014\/08\/23\/observation-des-etoiles-en-cote-de-meuse\/obsetoiles_06\/\" class=\"wp-image-1360\" srcset=\"https:\/\/www.asso-torcol.fr\/wp-content\/uploads\/2019\/03\/obsetoiles_06.jpg 800w, https:\/\/www.asso-torcol.fr\/wp-content\/uploads\/2019\/03\/obsetoiles_06-768x576.jpg 768w\" sizes=\"auto, (max-width: 800px) 100vw, 800px\" \/><\/figure><\/li><\/ul>\n\n\n\n<ul class=\"wp-block-gallery alignfull columns-2 is-cropped wp-block-gallery-5 is-layout-flex wp-block-gallery-is-layout-flex\"><li class=\"blocks-gallery-item\"><figure><img loading=\"lazy\" decoding=\"async\" width=\"800\" height=\"600\" src=\"https:\/\/www.asso-torcol.fr\/wp-content\/uploads\/2019\/03\/IMAG0003-2.jpg\" alt=\"\" data-id=\"1382\" data-link=\"https:\/\/www.asso-torcol.fr\/index.php\/2014\/08\/23\/observation-des-etoiles-en-cote-de-meuse\/imag0003-3\/\" class=\"wp-image-1382\" srcset=\"https:\/\/www.asso-torcol.fr\/wp-content\/uploads\/2019\/03\/IMAG0003-2.jpg 800w, https:\/\/www.asso-torcol.fr\/wp-content\/uploads\/2019\/03\/IMAG0003-2-768x576.jpg 768w\" sizes=\"auto, (max-width: 800px) 100vw, 800px\" \/><\/figure><\/li><li class=\"blocks-gallery-item\"><figure><img loading=\"lazy\" decoding=\"async\" width=\"800\" height=\"600\" src=\"https:\/\/www.asso-torcol.fr\/wp-content\/uploads\/2019\/03\/IMAG0057-2.jpg\" alt=\"\" data-id=\"1385\" data-link=\"https:\/\/www.asso-torcol.fr\/index.php\/2014\/08\/23\/observation-des-etoiles-en-cote-de-meuse\/imag0057-3\/\" class=\"wp-image-1385\" srcset=\"https:\/\/www.asso-torcol.fr\/wp-content\/uploads\/2019\/03\/IMAG0057-2.jpg 800w, https:\/\/www.asso-torcol.fr\/wp-content\/uploads\/2019\/03\/IMAG0057-2-768x576.jpg 768w\" sizes=\"auto, (max-width: 800px) 100vw, 800px\" \/><\/figure><\/li><\/ul>\n\n\n\n<p>Le lendemain, gr\u00e2ce \u00e0 un t\u00e9lescope \u00e9quip\u00e9 de filtres,\nils ont d\u00e9couvert la surface du soleil et ses \u00e9ruptions, un spectacle\nparticulier qui a ravi les participants \u00e0 cette sortie.<\/p>\n\n\n\n<ul class=\"wp-block-gallery alignfull columns-2 is-cropped wp-block-gallery-6 is-layout-flex wp-block-gallery-is-layout-flex\"><li class=\"blocks-gallery-item\"><figure><img decoding=\"async\" src=\"https:\/\/www.asso-torcol.fr\/wp-content\/uploads\/2019\/03\/obsetoiles_03-4.jpg\" alt=\"\" data-id=\"1388\" data-link=\"https:\/\/www.asso-torcol.fr\/?attachment_id=1388\" class=\"wp-image-1388\"\/><\/figure><\/li><li class=\"blocks-gallery-item\"><figure><img decoding=\"async\" src=\"https:\/\/www.asso-torcol.fr\/wp-content\/uploads\/2019\/03\/obsetoiles_04-4.jpg\" alt=\"\" data-id=\"1391\" data-link=\"https:\/\/www.asso-torcol.fr\/index.php\/2014\/08\/23\/observation-des-etoiles-en-cote-de-meuse\/obsetoiles_04-5\/\" class=\"wp-image-1391\"\/><\/figure><\/li><\/ul>\n\n\n\n<p>Texte : Nelly Owaller<\/p>\n\n\n\n<p>Photos : Nelly Owaller et Brigitte Closset<strong>&nbsp;<\/strong><\/p>\n","protected":false},"excerpt":{"rendered":"<p>Observation des \u00c9toiles en C\u00f4te de Meuse Torcol : la t\u00eate dans les \u00e9toiles Une dizaine de membres de l&rsquo;association Torcol s&rsquo;est rendue \u00e0 l&rsquo;observatoire des c\u00f4tes de Meuse, situ\u00e9 \u00e0 Vieville-sous-les-c\u00f4tes. Marc Kaschinski,&#46;&#46;&#46;<\/p>\n","protected":false},"author":1,"featured_media":1400,"comment_status":"closed","ping_status":"closed","sticky":false,"template":"","format":"standard","meta":{"footnotes":""},"categories":[4,14],"tags":[],"class_list":["post-1341","post","type-post","status-publish","format-standard","has-post-thumbnail","hentry","category-activites","category-sorties"],"_links":{"self":[{"href":"https:\/\/www.asso-torcol.fr\/index.php\/wp-json\/wp\/v2\/posts\/1341","targetHints":{"allow":["GET"]}}],"collection":[{"href":"https:\/\/www.asso-torcol.fr\/index.php\/wp-json\/wp\/v2\/posts"}],"about":[{"href":"https:\/\/www.asso-torcol.fr\/index.php\/wp-json\/wp\/v2\/types\/post"}],"author":[{"embeddable":true,"href":"https:\/\/www.asso-torcol.fr\/index.php\/wp-json\/wp\/v2\/users\/1"}],"replies":[{"embeddable":true,"href":"https:\/\/www.asso-torcol.fr\/index.php\/wp-json\/wp\/v2\/comments?post=1341"}],"version-history":[{"count":7,"href":"https:\/\/www.asso-torcol.fr\/index.php\/wp-json\/wp\/v2\/posts\/1341\/revisions"}],"predecessor-version":[{"id":1584,"href":"https:\/\/www.asso-torcol.fr\/index.php\/wp-json\/wp\/v2\/posts\/1341\/revisions\/1584"}],"wp:featuredmedia":[{"embeddable":true,"href":"https:\/\/www.asso-torcol.fr\/index.php\/wp-json\/wp\/v2\/media\/1400"}],"wp:attachment":[{"href":"https:\/\/www.asso-torcol.fr\/index.php\/wp-json\/wp\/v2\/media?parent=1341"}],"wp:term":[{"taxonomy":"category","embeddable":true,"href":"https:\/\/www.asso-torcol.fr\/index.php\/wp-json\/wp\/v2\/categories?post=1341"},{"taxonomy":"post_tag","embeddable":true,"href":"https:\/\/www.asso-torcol.fr\/index.php\/wp-json\/wp\/v2\/tags?post=1341"}],"curies":[{"name":"wp","href":"https:\/\/api.w.org\/{rel}","templated":true}]}}