{"id":1316,"date":"2016-04-17T17:57:56","date_gmt":"2016-04-17T15:57:56","guid":{"rendered":"https:\/\/www.asso-torcol.fr\/?p=1316"},"modified":"2019-03-12T21:32:40","modified_gmt":"2019-03-12T20:32:40","slug":"marche-decouverte-leveil-a-la-nature","status":"publish","type":"post","link":"https:\/\/www.asso-torcol.fr\/index.php\/2016\/04\/17\/marche-decouverte-leveil-a-la-nature\/","title":{"rendered":"L&rsquo;\u00e9veil \u00e0 la nature"},"content":{"rendered":"\n<p>Marche d\u00e9couverte \u00ab\u00a0L&rsquo;\u00e9veil \u00e0 la nature\u00a0\u00bb<\/p>\n\n\n\n<ul class=\"wp-block-gallery alignfull columns-1 is-cropped wp-block-gallery-1 is-layout-flex wp-block-gallery-is-layout-flex\"><li class=\"blocks-gallery-item\"><figure><img decoding=\"async\" src=\"https:\/\/www.asso-torcol.fr\/wp-content\/uploads\/2019\/03\/Marche_Eveil_Nature_03.jpg\" alt=\"\" data-id=\"1319\" data-link=\"https:\/\/www.asso-torcol.fr\/?attachment_id=1319\" class=\"wp-image-1319\"\/><\/figure><\/li><\/ul>\n\n\n\n<p><strong>Dimanche 17 avril 2016 s&rsquo;est d\u00e9roul\u00e9e \u00e0 Nov\u00e9ant-sur-Moselle la premi\u00e8re marche d\u00e9couverte organis\u00e9e par l&rsquo;association TORCOL :  L&rsquo;\u00e9veil \u00e0 la nature <\/strong><\/p>\n\n\n\n<ul class=\"wp-block-gallery alignfull columns-2 is-cropped wp-block-gallery-2 is-layout-flex wp-block-gallery-is-layout-flex\"><li class=\"blocks-gallery-item\"><figure><img loading=\"lazy\" decoding=\"async\" width=\"500\" height=\"667\" src=\"https:\/\/www.asso-torcol.fr\/wp-content\/uploads\/2019\/03\/Marche_Eveil_Nature_01.jpg\" alt=\"\" data-id=\"1317\" data-link=\"https:\/\/www.asso-torcol.fr\/?attachment_id=1317\" class=\"wp-image-1317\"\/><\/figure><\/li><li class=\"blocks-gallery-item\"><figure><img loading=\"lazy\" decoding=\"async\" width=\"1295\" height=\"965\" src=\"https:\/\/www.asso-torcol.fr\/wp-content\/uploads\/2019\/03\/Marche_Eveil_Nature_02.jpg\" alt=\"\" data-id=\"1318\" data-link=\"https:\/\/www.asso-torcol.fr\/?attachment_id=1318\" class=\"wp-image-1318\" srcset=\"https:\/\/www.asso-torcol.fr\/wp-content\/uploads\/2019\/03\/Marche_Eveil_Nature_02.jpg 1295w, https:\/\/www.asso-torcol.fr\/wp-content\/uploads\/2019\/03\/Marche_Eveil_Nature_02-768x572.jpg 768w\" sizes=\"auto, (max-width: 1295px) 100vw, 1295px\" \/><\/figure><\/li><\/ul>\n\n\n\n<p>Cet \u00e9v\u00e9nement articul\u00e9 autour des milieux naturels et\ndes cinq sens a mobilis\u00e9 une quarantaine de b\u00e9n\u00e9voles de l&rsquo;association, tous\ntr\u00e8s motiv\u00e9s et heureux de faire partager leur savoir aux marcheurs.<\/p>\n\n\n\n<p>Ces derniers, de tout \u00e2ge, sont venus nombreux pour\nd\u00e9couvrir la nature gr\u00e2ce \u00e0 leurs sens, malgr\u00e9 le temps changeant.<\/p>\n\n\n\n<ul class=\"wp-block-gallery alignfull columns-2 is-cropped wp-block-gallery-3 is-layout-flex wp-block-gallery-is-layout-flex\"><li class=\"blocks-gallery-item\"><figure><img decoding=\"async\" src=\"https:\/\/www.asso-torcol.fr\/wp-content\/uploads\/2019\/03\/Marche_Eveil_Nature_04.jpg\" alt=\"\" data-id=\"1320\" data-link=\"https:\/\/www.asso-torcol.fr\/?attachment_id=1320\" class=\"wp-image-1320\"\/><\/figure><\/li><li class=\"blocks-gallery-item\"><figure><img decoding=\"async\" src=\"https:\/\/www.asso-torcol.fr\/wp-content\/uploads\/2019\/03\/Marche_Eveil_Nature_06.jpg\" alt=\"\" data-id=\"1322\" data-link=\"https:\/\/www.asso-torcol.fr\/?attachment_id=1322\" class=\"wp-image-1322\"\/><\/figure><\/li><\/ul>\n\n\n\n<ul class=\"wp-block-gallery alignfull columns-2 is-cropped wp-block-gallery-4 is-layout-flex wp-block-gallery-is-layout-flex\"><li class=\"blocks-gallery-item\"><figure><img decoding=\"async\" src=\"https:\/\/www.asso-torcol.fr\/wp-content\/uploads\/2019\/03\/Marche_Eveil_Nature_05.jpg\" alt=\"\" data-id=\"1321\" data-link=\"https:\/\/www.asso-torcol.fr\/?attachment_id=1321\" class=\"wp-image-1321\"\/><\/figure><\/li><li class=\"blocks-gallery-item\"><figure><img decoding=\"async\" src=\"https:\/\/www.asso-torcol.fr\/wp-content\/uploads\/2019\/03\/Marche_Eveil_Nature_07.jpg\" alt=\"\" data-id=\"1323\" data-link=\"https:\/\/www.asso-torcol.fr\/?attachment_id=1323\" class=\"wp-image-1323\"\/><\/figure><\/li><\/ul>\n\n\n\n<ul class=\"wp-block-gallery alignfull columns-2 is-cropped wp-block-gallery-5 is-layout-flex wp-block-gallery-is-layout-flex\"><li class=\"blocks-gallery-item\"><figure><img decoding=\"async\" src=\"https:\/\/www.asso-torcol.fr\/wp-content\/uploads\/2019\/03\/Marche_Eveil_Nature_08.jpg\" alt=\"\" data-id=\"1324\" data-link=\"https:\/\/www.asso-torcol.fr\/?attachment_id=1324\" class=\"wp-image-1324\"\/><\/figure><\/li><li class=\"blocks-gallery-item\"><figure><img decoding=\"async\" src=\"https:\/\/www.asso-torcol.fr\/wp-content\/uploads\/2019\/03\/Marche_Eveil_Nature_09.jpg\" alt=\"\" data-id=\"1325\" data-link=\"https:\/\/www.asso-torcol.fr\/?attachment_id=1325\" class=\"wp-image-1325\"\/><\/figure><\/li><\/ul>\n\n\n\n<p>Une assiette de choucroute, consomm\u00e9e avant ou apr\u00e8s\nle d\u00e9but du parcours, permettait de prendre (ou reprendre) des forces afin de\nr\u00e9pondre aux questionnaires r\u00e9alis\u00e9s par les adh\u00e9rents.<\/p>\n\n\n\n<p>Une fois arriv\u00e9s devant les stands, les participants\nd\u00e9couvraient les bonnes r\u00e9ponses \u00e0 l&rsquo;aide de photos et documents.<\/p>\n\n\n\n<p>\u00e0 noter que chaque stand \u00e9tait joliment d\u00e9cor\u00e9 !<\/p>\n\n\n\n<p>Les marcheurs sont tous repartis ravis, avec un petit\ncadeau pour les plus jeunes d&rsquo;entre eux.<\/p>\n\n\n\n<ul class=\"wp-block-gallery columns-2 is-cropped wp-block-gallery-6 is-layout-flex wp-block-gallery-is-layout-flex\"><li class=\"blocks-gallery-item\"><figure><img decoding=\"async\" src=\"https:\/\/www.asso-torcol.fr\/wp-content\/uploads\/2019\/03\/Marche_Eveil_Nature_10.jpg\" alt=\"\" data-id=\"1326\" data-link=\"https:\/\/www.asso-torcol.fr\/?attachment_id=1326\" class=\"wp-image-1326\"\/><\/figure><\/li><li class=\"blocks-gallery-item\"><figure><img decoding=\"async\" src=\"https:\/\/www.asso-torcol.fr\/wp-content\/uploads\/2019\/03\/Marche_Eveil_Nature_11.jpg\" alt=\"\" data-id=\"1327\" data-link=\"https:\/\/www.asso-torcol.fr\/?attachment_id=1327\" class=\"wp-image-1327\"\/><\/figure><\/li><\/ul>\n\n\n\n<ul class=\"wp-block-gallery alignfull columns-2 is-cropped wp-block-gallery-7 is-layout-flex wp-block-gallery-is-layout-flex\"><li class=\"blocks-gallery-item\"><figure><img decoding=\"async\" src=\"https:\/\/www.asso-torcol.fr\/wp-content\/uploads\/2019\/03\/Marche_Eveil_Nature_12.jpg\" alt=\"\" data-id=\"1328\" data-link=\"https:\/\/www.asso-torcol.fr\/?attachment_id=1328\" class=\"wp-image-1328\"\/><\/figure><\/li><li class=\"blocks-gallery-item\"><figure><img decoding=\"async\" src=\"https:\/\/www.asso-torcol.fr\/wp-content\/uploads\/2019\/03\/Marche_Eveil_Nature_13.jpg\" alt=\"\" data-id=\"1329\" data-link=\"https:\/\/www.asso-torcol.fr\/?attachment_id=1329\" class=\"wp-image-1329\"\/><\/figure><\/li><\/ul>\n\n\n\n<ul class=\"wp-block-gallery alignfull columns-2 is-cropped wp-block-gallery-8 is-layout-flex wp-block-gallery-is-layout-flex\"><li class=\"blocks-gallery-item\"><figure><img decoding=\"async\" src=\"https:\/\/www.asso-torcol.fr\/wp-content\/uploads\/2019\/03\/Marche_Eveil_Nature_14.jpg\" alt=\"\" data-id=\"1330\" data-link=\"https:\/\/www.asso-torcol.fr\/?attachment_id=1330\" class=\"wp-image-1330\"\/><\/figure><\/li><li class=\"blocks-gallery-item\"><figure><img decoding=\"async\" src=\"https:\/\/www.asso-torcol.fr\/wp-content\/uploads\/2019\/03\/Marche_Eveil_Nature_15.jpg\" alt=\"\" data-id=\"1331\" data-link=\"https:\/\/www.asso-torcol.fr\/?attachment_id=1331\" class=\"wp-image-1331\"\/><\/figure><\/li><\/ul>\n\n\n\n<ul class=\"wp-block-gallery alignfull columns-2 is-cropped wp-block-gallery-9 is-layout-flex wp-block-gallery-is-layout-flex\"><li class=\"blocks-gallery-item\"><figure><img decoding=\"async\" src=\"https:\/\/www.asso-torcol.fr\/wp-content\/uploads\/2019\/03\/Marche_Eveil_Nature_16.jpg\" alt=\"\" data-id=\"1332\" data-link=\"https:\/\/www.asso-torcol.fr\/?attachment_id=1332\" class=\"wp-image-1332\"\/><\/figure><\/li><li class=\"blocks-gallery-item\"><figure><img loading=\"lazy\" decoding=\"async\" width=\"1023\" height=\"683\" src=\"https:\/\/www.asso-torcol.fr\/wp-content\/uploads\/2019\/03\/Marche_Eveil_Nature_17.jpg\" alt=\"\" data-id=\"1333\" data-link=\"https:\/\/www.asso-torcol.fr\/?attachment_id=1333\" class=\"wp-image-1333\" srcset=\"https:\/\/www.asso-torcol.fr\/wp-content\/uploads\/2019\/03\/Marche_Eveil_Nature_17.jpg 1023w, https:\/\/www.asso-torcol.fr\/wp-content\/uploads\/2019\/03\/Marche_Eveil_Nature_17-768x513.jpg 768w\" sizes=\"auto, (max-width: 1023px) 100vw, 1023px\" \/><\/figure><\/li><\/ul>\n\n\n\n<ul class=\"wp-block-gallery alignfull columns-2 is-cropped wp-block-gallery-10 is-layout-flex wp-block-gallery-is-layout-flex\"><li class=\"blocks-gallery-item\"><figure><img decoding=\"async\" src=\"https:\/\/www.asso-torcol.fr\/wp-content\/uploads\/2019\/03\/Marche_Eveil_Nature_18.jpg\" alt=\"\" data-id=\"1334\" data-link=\"https:\/\/www.asso-torcol.fr\/?attachment_id=1334\" class=\"wp-image-1334\"\/><\/figure><\/li><li class=\"blocks-gallery-item\"><figure><img decoding=\"async\" src=\"https:\/\/www.asso-torcol.fr\/wp-content\/uploads\/2019\/03\/Marche_Eveil_Nature_19.jpg\" alt=\"\" data-id=\"1335\" data-link=\"https:\/\/www.asso-torcol.fr\/?attachment_id=1335\" class=\"wp-image-1335\"\/><\/figure><\/li><\/ul>\n\n\n\n<ul class=\"wp-block-gallery alignfull columns-2 is-cropped wp-block-gallery-11 is-layout-flex wp-block-gallery-is-layout-flex\"><li class=\"blocks-gallery-item\"><figure><img decoding=\"async\" src=\"https:\/\/www.asso-torcol.fr\/wp-content\/uploads\/2019\/03\/Marche_Eveil_Nature_20.jpg\" alt=\"\" data-id=\"1336\" data-link=\"https:\/\/www.asso-torcol.fr\/?attachment_id=1336\" class=\"wp-image-1336\"\/><\/figure><\/li><li class=\"blocks-gallery-item\"><figure><img decoding=\"async\" src=\"https:\/\/www.asso-torcol.fr\/wp-content\/uploads\/2019\/03\/Marche_Eveil_Nature_21.jpg\" alt=\"\" data-id=\"1337\" data-link=\"https:\/\/www.asso-torcol.fr\/?attachment_id=1337\" class=\"wp-image-1337\"\/><\/figure><\/li><li class=\"blocks-gallery-item\"><figure><img decoding=\"async\" src=\"https:\/\/www.asso-torcol.fr\/wp-content\/uploads\/2019\/03\/Marche_Eveil_Nature_22.jpg\" alt=\"\" data-id=\"1338\" data-link=\"https:\/\/www.asso-torcol.fr\/?attachment_id=1338\" class=\"wp-image-1338\"\/><\/figure><\/li><\/ul>\n\n\n\n<p>Pour f\u00eater cette belle r\u00e9ussite, tous les b\u00e9n\u00e9voles\nont pris ensemble un repas convivial et ont partag\u00e9 leurs impressions.<\/p>\n\n\n\n<ul class=\"wp-block-gallery alignfull columns-1 is-cropped wp-block-gallery-12 is-layout-flex wp-block-gallery-is-layout-flex\"><li class=\"blocks-gallery-item\"><figure><img decoding=\"async\" src=\"https:\/\/www.asso-torcol.fr\/wp-content\/uploads\/2019\/03\/Marche_Eveil_Nature_23.jpg\" alt=\"\" data-id=\"1339\" data-link=\"https:\/\/www.asso-torcol.fr\/?attachment_id=1339\" class=\"wp-image-1339\"\/><\/figure><\/li><\/ul>\n\n\n\n<p>Texte : Laur\u00e8ne ENGELS<\/p>\n","protected":false},"excerpt":{"rendered":"<p>Marche d\u00e9couverte \u00ab\u00a0L&rsquo;\u00e9veil \u00e0 la nature\u00a0\u00bb Dimanche 17 avril 2016 s&rsquo;est d\u00e9roul\u00e9e \u00e0 Nov\u00e9ant-sur-Moselle la premi\u00e8re marche d\u00e9couverte organis\u00e9e par l&rsquo;association TORCOL : L&rsquo;\u00e9veil \u00e0 la nature Cet \u00e9v\u00e9nement articul\u00e9 autour des milieux naturels&#46;&#46;&#46;<\/p>\n","protected":false},"author":1,"featured_media":1317,"comment_status":"closed","ping_status":"closed","sticky":false,"template":"","format":"standard","meta":{"footnotes":""},"categories":[4,15],"tags":[],"class_list":["post-1316","post","type-post","status-publish","format-standard","has-post-thumbnail","hentry","category-activites","category-stands"],"_links":{"self":[{"href":"https:\/\/www.asso-torcol.fr\/index.php\/wp-json\/wp\/v2\/posts\/1316","targetHints":{"allow":["GET"]}}],"collection":[{"href":"https:\/\/www.asso-torcol.fr\/index.php\/wp-json\/wp\/v2\/posts"}],"about":[{"href":"https:\/\/www.asso-torcol.fr\/index.php\/wp-json\/wp\/v2\/types\/post"}],"author":[{"embeddable":true,"href":"https:\/\/www.asso-torcol.fr\/index.php\/wp-json\/wp\/v2\/users\/1"}],"replies":[{"embeddable":true,"href":"https:\/\/www.asso-torcol.fr\/index.php\/wp-json\/wp\/v2\/comments?post=1316"}],"version-history":[{"count":2,"href":"https:\/\/www.asso-torcol.fr\/index.php\/wp-json\/wp\/v2\/posts\/1316\/revisions"}],"predecessor-version":[{"id":1447,"href":"https:\/\/www.asso-torcol.fr\/index.php\/wp-json\/wp\/v2\/posts\/1316\/revisions\/1447"}],"wp:featuredmedia":[{"embeddable":true,"href":"https:\/\/www.asso-torcol.fr\/index.php\/wp-json\/wp\/v2\/media\/1317"}],"wp:attachment":[{"href":"https:\/\/www.asso-torcol.fr\/index.php\/wp-json\/wp\/v2\/media?parent=1316"}],"wp:term":[{"taxonomy":"category","embeddable":true,"href":"https:\/\/www.asso-torcol.fr\/index.php\/wp-json\/wp\/v2\/categories?post=1316"},{"taxonomy":"post_tag","embeddable":true,"href":"https:\/\/www.asso-torcol.fr\/index.php\/wp-json\/wp\/v2\/tags?post=1316"}],"curies":[{"name":"wp","href":"https:\/\/api.w.org\/{rel}","templated":true}]}}